{"id":1315,"date":"2017-07-27T13:41:09","date_gmt":"2017-07-27T10:41:09","guid":{"rendered":"http:\/\/mnlr.ro\/?p=1315"},"modified":"2017-08-03T22:23:13","modified_gmt":"2017-08-03T19:23:13","slug":"festivalul-gellu-naum-4-5-august-2017-editia-ii","status":"publish","type":"post","link":"http:\/\/mnlr.ro\/en\/festivalul-gellu-naum-4-5-august-2017-editia-ii\/","title":{"rendered":"Festivalul \u201eGellu Naum\u201d, 4-5 august 2017 (edi\u021bia a II-a)"},"content":{"rendered":"<p><strong>\u00cen perioada 4-5 august 2017, Muzeul Na\u021bional al Literaturii Rom\u00e2ne din Bucure\u0219ti, \u00eempreun\u0103 cu Funda\u021bia \u201eGellu Naum\u201d, organizeaz\u0103 cea de-a doua edi\u021bie a Festivalului <em>Gellu Naum<\/em>.<\/strong><\/p>\n<p>Festivalul <em>Gellu Naum <\/em>din acest an se va desf\u0103\u0219ura pe parcursul a dou\u0103 zile, la Bucure\u0219ti \u0219i Comana, \u0219i va reuni poe\u021bi rom\u00e2ni contemporani, apropia\u021bi de Gellu Naum \u0219i de scrierile sale.<\/p>\n<p>V\u0103 invit\u0103m al\u0103turi de noi la o <em>Sear\u0103 de jazz \u0219i poezie<\/em>, vineri 4 august, \u00een Gr\u0103dina Muzeului Na\u021bional al Literaturii Rom\u00e2ne, \u00eencep\u00e2nd cu ora 19:30, \u0219i la o serie de <em>Lecturi de poezie<\/em>, s\u00e2mb\u0103t\u0103 5 august, la Casa Naum\u00a0din Comana, \u00eencep\u00e2nd cu ora 11:30, pentru a marca \u00eemplinirea a 102 de ani de la na\u0219terea scriitorului Gellu Naum. Prin cele dou\u0103 \u00eent\u00e2lniri ne propunem realizarea unui dialog \u00eentre spa\u021bii \u0219i timpuri de crea\u021bie diferite \u0219i, totodat\u0103, suprapuse, cu scopul valorific\u0103rii patrimoniului literaturii rom\u00e2ne \u0219i a culturii scrise recente.<\/p>\n<p><strong>Gazdele<\/strong> celor dou\u0103 evenimente vor fi Simona Popescu \u0219i Sebastian Reichmann.<\/p>\n<p><strong>Participan\u021bi:<\/strong> Liviu Antonesei, Emil Brumaru, Romulus Bucur, Dan Coman, Ana Dragu, Robert G. Elekes, Paula Erizanu, Silviu Gongonea, Nora Iuga, \u0218tefan Manasia, Angela Marinescu, Marin M\u0103laicu-Hondrari, Ioana Nicolaie, Emilian Galaicu-P\u0103un, Cosmin Per\u021ba, Ion Pop, Marcel Tolcea, William Totok, Dorin Tudoran, Radu Vancu, C\u0103lin Vlasie, Elena Vl\u0103d\u0103reanu, Anastasia Gavrilovici, Irina-Roxana Georgescu, Ana Maria Lup\u0219acu, Adelina Pascale, George \u0218tefan, Andreea Teliban.<\/p>\n<p><strong>Prezenta\u021bi de<\/strong> Magda C\u00e2rneci, Svetlana C\u00e2rstean, Robert G. Elekes, Florin Iaru, Claudiu Komartin, Simona Popescu, Sebastian Reichmann.<\/p>\n<p><strong>Invitat special:<\/strong> Mircea Tiberian<\/p>\n<p>V\u0103 invit\u0103m s\u0103 fi\u021bi al\u0103turi de noi \u00een prima zi a festivalului, \u00een gr\u0103dina Muzeului Na\u021bional al Literaturii Rom\u00e2ne, unde vineri seara, \u00eencep\u00e2nd cu ora 19.30 vom organiza o prim\u0103 serie de lecturi al\u0103turi de poe\u021bii men\u021biona\u021bi. Cu aceast\u0103 ocazie, v\u0103 invit\u0103m s\u0103 vizita\u021bi expozi\u021bia de baz\u0103 a MNLR, vernisat\u0103 \u00een data de 21 martie 2017, \u00een care ve\u021bi descoperi o vitrin\u0103 dedicat\u0103 scriitorului Gellu Naum, preg\u0103tit\u0103 pentru to\u021bi vizitatorii no\u0219tri cu ajutorul Funda\u021biei \u201eGellu Naum\u201d, care ne-a oferit \u00een custodie obiectele prezentate.<\/p>\n<p><strong>Intrarea la eveniment este liber\u0103.<\/strong><\/p>\n<p><strong>Proiectul este organizat de Prim\u0103ria Municipiului Bucure\u0219ti prin Muzeul Na\u021bional al Literaturii Rom\u00e2ne.<\/strong><\/p>\n<p><strong>Co-organizator:<\/strong> Funda\u0163ia \u201eGellu Naum\u201d<\/p>\n<p><strong>Sponsor:<\/strong> Licorna Winehouse<\/p>\n<p><strong>Parteneri media:<\/strong> Radio Rom\u00e2nia Cultural, RFI, TV City,\u00a0Observator Cultural, Contemporanul, Agen\u0163iadeCarte.ro, publica\u021bia on-line Iqool.<\/p>","protected":false},"excerpt":{"rendered":"<p>\u00cen perioada 4-5 august 2017, Muzeul Na\u021bional al Literaturii Rom\u00e2ne din Bucure\u0219ti, \u00eempreun\u0103 cu Funda\u021bia \u201eGellu Naum\u201d, organizeaz\u0103 cea de-a&#8230;<\/p>","protected":false},"author":1,"featured_media":1409,"comment_status":"closed","ping_status":"closed","sticky":false,"template":"","format":"standard","meta":{"_exactmetrics_skip_tracking":false,"_exactmetrics_sitenote_active":false,"_exactmetrics_sitenote_note":"","_exactmetrics_sitenote_category":0,"footnotes":""},"categories":[9],"tags":[],"class_list":["post-1315","post","type-post","status-publish","format-standard","has-post-thumbnail","hentry","category-evenimente"],"_links":{"self":[{"href":"http:\/\/mnlr.ro\/en\/wp-json\/wp\/v2\/posts\/1315","targetHints":{"allow":["GET"]}}],"collection":[{"href":"http:\/\/mnlr.ro\/en\/wp-json\/wp\/v2\/posts"}],"about":[{"href":"http:\/\/mnlr.ro\/en\/wp-json\/wp\/v2\/types\/post"}],"author":[{"embeddable":true,"href":"http:\/\/mnlr.ro\/en\/wp-json\/wp\/v2\/users\/1"}],"replies":[{"embeddable":true,"href":"http:\/\/mnlr.ro\/en\/wp-json\/wp\/v2\/comments?post=1315"}],"version-history":[{"count":8,"href":"http:\/\/mnlr.ro\/en\/wp-json\/wp\/v2\/posts\/1315\/revisions"}],"predecessor-version":[{"id":1415,"href":"http:\/\/mnlr.ro\/en\/wp-json\/wp\/v2\/posts\/1315\/revisions\/1415"}],"wp:featuredmedia":[{"embeddable":true,"href":"http:\/\/mnlr.ro\/en\/wp-json\/wp\/v2\/media\/1409"}],"wp:attachment":[{"href":"http:\/\/mnlr.ro\/en\/wp-json\/wp\/v2\/media?parent=1315"}],"wp:term":[{"taxonomy":"category","embeddable":true,"href":"http:\/\/mnlr.ro\/en\/wp-json\/wp\/v2\/categories?post=1315"},{"taxonomy":"post_tag","embeddable":true,"href":"http:\/\/mnlr.ro\/en\/wp-json\/wp\/v2\/tags?post=1315"}],"curies":[{"name":"wp","href":"https:\/\/api.w.org\/{rel}","templated":true}]}}