{"id":5515,"date":"2018-05-04T10:08:32","date_gmt":"2018-05-04T07:08:32","guid":{"rendered":"http:\/\/mnlr.ro\/?p=5515"},"modified":"2018-05-14T12:18:42","modified_gmt":"2018-05-14T09:18:42","slug":"literatura-detentiei-si-impotrivirii-nicolae-steinhardt","status":"publish","type":"post","link":"http:\/\/mnlr.ro\/en\/literatura-detentiei-si-impotrivirii-nicolae-steinhardt\/","title":{"rendered":"Literatura deten\u021biei \u0219i a \u00eempotrivirii | Nicolae Steinhardt"},"content":{"rendered":"<p><strong>Joi, 10 mai 2018, ora 19.00, Muzeul Na\u021bional al Literaturii Rom\u00e2ne \u0219i Funda\u021bia Action Art v\u0103 invit\u0103 la cea de-a patra \u00eent\u00e2lnire din seria\u00a0<\/strong><em><strong>Literatura deten\u021biei \u0219i a \u00eempotrivirii,<\/strong><\/em><strong>\u00a0consacrat\u0103 scriitorului N. Steinhardt. \u00cen cadrul evenimentului va fi proiectat filmul documentar\u00a0<\/strong><em><strong>Infernul unui om fericit<\/strong><\/em><strong>, realizat de Vasile Alecu, iar proiec\u021bia va fi urmat\u0103 de o discu\u021bie la care vor participa Vasile Alecu, George Ardelean \u0219i Iloaie \u0218tefan, moderat\u0103 de produc\u0103toarea Lucia Hossu-Longin.<\/strong><\/p>\n<p><strong>Nicolae Steinhardt a fost arestat \u015fi condamnat pentru c\u0103 a refuzat s\u0103 fie martor al acuz\u0103rii \u00een procesul Noica \u2013 Pillat. Evenimentul \u00eel determin\u0103 s\u0103 gr\u0103beasc\u0103 decizia de a renun\u0163a la iudaism \u015fi se boteaz\u0103 ortodox \u00een \u00eenchisoarea Jilava. La ie\u015firea din \u00eenchisoare, episodul va sta la baza\u00a0<em>Jurnalului fericirii<\/em>, cea mai important\u0103 oper\u0103 a sa.<\/strong><\/p>\n<p><strong>Nicu-Aurelian STEINHARDT<\/strong>\u00a0s-a n\u0103scut pe 29 iulie 1912, \u00eentr-o familie de evrei, \u00een comuna Pantelimon, jude\u021bul Ilfov. Tat\u0103l s\u0103u, Oscar Steinhardt, era veteran din Primul R\u0103zboi Mondial, decorat cu Virtutea Militara, de profesie inginer \u0219i arhitect. De altfel, de-a lungul vie\u021bii, cel al c\u0103rui nume de na\u0219tere avea s\u0103 se transforme pe copertele c\u0103r\u021bilor \u00een Nicolae Steinhardt avea s\u0103 evoce portretul seme\u021b al tat\u0103lui, recunosc\u00e2nd c\u0103 de la acesta a \u00eenv\u0103\u021bat care este suprema calitate a unui om \u00een via\u021b\u0103: curajul. \u201eF\u0103r\u0103 el, toate celelalte se dilueaz\u0103, pier, nu fac doi bani. Purtarea lui \u0219i cuvintele pe care mi le-a spus \u00een momentul plec\u0103rii mele la Securitate spre a fi arestat (avea optzeci \u0219i doi de ani) m-au \u00eenso\u021bit (tonic) pe toata durata deten\u021biei \u0219i le consider nu mai pu\u021bin vrednice de respect ori mai pu\u021bin frumoase decat faimosul \u201eMerde!\u201d al lui Cambourne la Waterloo. Tata: \u201eVezi s\u0103 nu m\u0103 faci de r\u00e2s, s\u0103 nu fii jidan fricos, s\u0103 nu te caci \u00een pantaloni\u201d. Pentru el orice om lipsit de curaj fie acela rom\u00e2n, evreu sau de orice alt\u0103 na\u021bionalitate, se bucur\u0103 de calificativul \u201ejidan fricos\u201d. La pu\u021bini am v\u0103zut at\u00e2ta dispre\u021b pentru la\u0219itate\u201d, spunea Steinhardt, reprodus \u00een lucrarea \u201e\u00eentre lumi\u201d, scris\u0103 de Nicolae B\u0103ciu\u021b. Mama sa este descris\u0103 \u00een aceea\u0219i tent\u0103 cromatic\u0103 de nostalgie, dar \u00een nuan\u021be ceva mai calde \u0219i blajine. \u201eMaic\u0103-mea era poreclit\u0103 \u201eBun\u0103tate\u201d. Mi-o amintesc d\u00e2nd buc\u0103\u021bele de zah\u0103r cailor \u00eenh\u0103ma\u021bi la tr\u0103surile care, pe vremuri, \u00ee\u0219i a\u0219teptau mu\u0219teriii de-a lungul trotuarelor. Model i-am avut pe am\u00e2ndoi p\u0103rin\u021bii. Dar, vai, n-am nici curajul tatei, nici bun\u0103tatea mamei! Cum de pot fi at\u00e2t de altul dec\u00e2t ei? Ce minunat lucru ar fi fost s\u0103 pot \u00eempreun\u0103 calit\u0103\u021bile am\u00e2ndurora! N-a fost s\u0103 fie. Apoi, maic\u0103-mea a fost o femeie frumoas\u0103. Tata n-a fost un b\u0103rbat frumos. Ca \u0219i anecdota cu G. B. Shaw \u0219i frumoasa actri\u021b\u0103, \u00een mine nu s-au \u00eemplinit calit\u0103\u021bile celor dou\u0103 p\u0103r\u021bi&#8221;, povestea Steinhardt, cu nostalgie, \u00een aceea\u0219i carte. C\u0103r\u021bi:<em>Jurnalul fericirii<\/em>,\u00a0<em>D\u0103ruind vei dob\u00eendi<\/em>,\u00a0<em>C\u0103l\u0103toria unui fiu risipitor<\/em>,\u00a0<em>Primejdia m\u0103rturisirii<\/em>,<em>Drumul Catre Isihie. Ispita Lecturii<\/em>,\u00a0<em>\u00centre via\u0163\u0103 si c\u0103r\u0163i<\/em><br \/>\nProiectul\u00a0<em>Literatura deten\u021biei \u0219i a \u00eempotrivirii<\/em>, lansat \u00een luna octombrie de MNLR,\u00a0este un proiect ini\u021biat \u0219i coordonat de produc\u0103toarea Ada Vertan.\u00a0Memoria scriitorilor urm\u0103ri\u021bi de securitate in anii \u201950-\u201960, aresta\u021bi, c\u0103rora li s-au instrumentat procese \u0219i organiza\u021bii subversive va fi evocat\u0103 prin proiec\u0163ii de filme documentare, prezentarea unor lucr\u0103ri originale, dezbateri \u015fi \u00eent\u00e2lniri cu urma\u015fi ai scriitorilor. Bucure\u0219tii anilor 1950-1959, descri\u0219i de Nicolae Steinhardt \u00een\u00a0<em>Jurnalul fericirii<\/em>, \u00eensemnau evacu\u0103ri din case, cozi \u00eencep\u00e2nd cu dou\u0103-trei noaptea, alerg\u0103turi f\u0103r\u0103 sf\u00e2r\u0219it \u0219i f\u0103r\u0103 noim\u0103 la sediile Oficiului de \u00eenchiriere pentru a g\u0103si un spa\u021biu de locuit, arest\u0103ri \u00een miez de noapte, autobiografii pe zeci de pagini, teama de vecini, de prieteni \u0219i du\u0219mani, demasc\u0103ri publice aranjate, turn\u0103torii \u00een urma c\u0103rora intrau \u00een pu\u0219c\u0103rii un nou val de intelectuali, vinovat de a fi condamnat\u00a0 domina\u021bia ru\u0219ilor chiar dup\u0103 retragerea lor din 1958. Bucure\u015ftii acelor ani\u00a0 era \u201eca o spaim\u0103 \u00eempietrit\u0103, ca un vis \u00eencremenit\u201d.<br \/>\n______________________________<wbr \/>_____________<br \/>\nIntrarea la eveniment este liber\u0103, \u00een limita locurilor disponibile.<\/p>","protected":false},"excerpt":{"rendered":"<p>Joi, 10 mai 2018, ora 19.00, Muzeul Na\u021bional al Literaturii Rom\u00e2ne \u0219i Funda\u021bia Action Art v\u0103 invit\u0103 la cea de-a&#8230;<\/p>","protected":false},"author":1,"featured_media":5516,"comment_status":"closed","ping_status":"closed","sticky":false,"template":"","format":"standard","meta":{"_exactmetrics_skip_tracking":false,"_exactmetrics_sitenote_active":false,"_exactmetrics_sitenote_note":"","_exactmetrics_sitenote_category":0,"footnotes":""},"categories":[9],"tags":[],"class_list":["post-5515","post","type-post","status-publish","format-standard","has-post-thumbnail","hentry","category-evenimente"],"_links":{"self":[{"href":"http:\/\/mnlr.ro\/en\/wp-json\/wp\/v2\/posts\/5515","targetHints":{"allow":["GET"]}}],"collection":[{"href":"http:\/\/mnlr.ro\/en\/wp-json\/wp\/v2\/posts"}],"about":[{"href":"http:\/\/mnlr.ro\/en\/wp-json\/wp\/v2\/types\/post"}],"author":[{"embeddable":true,"href":"http:\/\/mnlr.ro\/en\/wp-json\/wp\/v2\/users\/1"}],"replies":[{"embeddable":true,"href":"http:\/\/mnlr.ro\/en\/wp-json\/wp\/v2\/comments?post=5515"}],"version-history":[{"count":1,"href":"http:\/\/mnlr.ro\/en\/wp-json\/wp\/v2\/posts\/5515\/revisions"}],"predecessor-version":[{"id":5517,"href":"http:\/\/mnlr.ro\/en\/wp-json\/wp\/v2\/posts\/5515\/revisions\/5517"}],"wp:featuredmedia":[{"embeddable":true,"href":"http:\/\/mnlr.ro\/en\/wp-json\/wp\/v2\/media\/5516"}],"wp:attachment":[{"href":"http:\/\/mnlr.ro\/en\/wp-json\/wp\/v2\/media?parent=5515"}],"wp:term":[{"taxonomy":"category","embeddable":true,"href":"http:\/\/mnlr.ro\/en\/wp-json\/wp\/v2\/categories?post=5515"},{"taxonomy":"post_tag","embeddable":true,"href":"http:\/\/mnlr.ro\/en\/wp-json\/wp\/v2\/tags?post=5515"}],"curies":[{"name":"wp","href":"https:\/\/api.w.org\/{rel}","templated":true}]}}