{"id":6185,"date":"2018-07-05T16:22:54","date_gmt":"2018-07-05T13:22:54","guid":{"rendered":"http:\/\/mnlr.ro\/?p=6185"},"modified":"2018-07-05T16:23:32","modified_gmt":"2018-07-05T13:23:32","slug":"maria-gheorghiu-gradina-la-muzeu","status":"publish","type":"post","link":"http:\/\/mnlr.ro\/en\/maria-gheorghiu-gradina-la-muzeu\/","title":{"rendered":"Maria Gheorghiu \u00een gr\u0103din\u0103 la Muzeu"},"content":{"rendered":"<p><strong>\u00cen gr\u0103dina MNLR are loc un nou concert la sediul din Strada Nicolae Cre\u021bulescu nr. 8, mar\u021bi, 31 iulie 2018, ora 19.00. Cantautoarea Maria Gheorghiu a p\u0103\u0219it la 8 ani pe drumul muzicii.<\/strong><\/p>\n<p>D\u0103ruie\u0219te din harul s\u0103u celor care-o ascult\u0103, s\u0103-i poat\u0103 vedea vibr\u00e2nd, s\u0103 le simt\u0103 emo\u021bia. Evenimentul este organizat de Prim\u0103ria Municipiului Bucure\u0219ti prin Muzeul Na\u021bional al Literaturii Rom\u00e2ne. A scos p\u00e2n\u0103 acum zece albume, 1995 \u2013 \u201eLacrimi \u00een fl\u0103c\u0103ri\u201d,\u00a0 1996 \u2013 \u201ePe la case luminate\u201d (album de colinde), 1997 \u2013 \u201eCanon \u0219i Maria Gheorghiu\u201d, 1999 \u2013 \u201eFloare de v\u00e2rtej\u201d, 2002 \u2013 \u201ePe la case luminate\u201d, reeditat, 2004 \u2013 \u201eTimp netr\u0103it\u201d, 2007 \u2013 \u201eFloare de v\u00e2rtej\u201d, reeditat, 2010 \u2013 \u201eCurcubeu\u201d, 2013 \u2013 De 20 de ani \u201eOm bun\u201d \u0219i 2017 &#8211; \u201eC\u00e2mp de lavand\u0103\u201d.<\/p>\n<p>Maria Gheorghiu are o rela\u021bie de iubire cu poezia \u0219i pentru ea poe\u021bii sunt \u00ceMP\u0102R\u021aITORI DE LUMIN\u0102. \u201eDin momentul \u00een care am con\u0219tientizat c\u0103 sunt, c\u0103 scena \u0219i publicul m-au acceptat, nu mi-am mai permis s\u0103 m\u0103 pierd \u00een banal. Sunt at\u00e2t de multe temele care se cer c\u00e2ntate. Dincolo de tr\u0103irile personale transformate \u00een c\u00e2ntec, \u00een care se reg\u0103sesc at\u00e2\u021bia, sunt tr\u0103irile venite din istoria neamului rom\u00e2nesc at\u00e2t de \u00eencercat. E at\u00e2ta ingratitudine la nivel de memorie \u0219i respect fa\u021ba de cei care au \u00eencercat s\u0103 p\u0103streze intact\u0103 fiin\u021ba neamului \u00eenc\u00e2t am considerat c\u0103 trebuie redeschise unele pagini de istorie \u0219i rea\u0219ezate \u00een con\u0219tiin\u021ba colectiv\u0103. Publicul meu simte \u0219i vibreaz\u0103 cu mine \u0219i asta e extraordinar. Totul \u021bine de capacitatea ta de a te d\u0103rui. Publicul se \u00eencarc\u0103 din cantitatea de energie care rezult\u0103 din arderea ta de pe scen\u0103, emo\u021bia plute\u0219te \u00een aer precum fumul. Nu iese fum dac\u0103 nu e foc\u201d, m\u0103rturisea Maria Gheorghiu la concertul de anul trecut din Gr\u0103dina MNLR.<\/p>\n<p>Privind degetele Mariei, b\u0103tucite de at\u00e2tea atingeri, pe alocuri cu piele plesnit\u0103 de corzile rupte, po\u0163i scrie un poem \u00eenchinat m\u00e2inilor acestora care \u015fi-au \u00een\u0163eles menirea, pentru c\u0103 arti\u015ftii sunt aparte fa\u0163\u0103 de oamenii obi\u015fnui\u0163i datorit\u0103 energiei pe care o eman\u0103.<\/p>\n<p>Orice artist consider\u0103 \u00eent\u00e2lnirea cu publicul un moment privilegiat. Un concert ofer\u0103 \u015fansa unei dedic\u0103ri totale \u015fi a unei comuniuni intime \u00eentre artist \u015fi publicul s\u0103u, iar fiecare apari\u0163ie a Mariei Gheorghiu te conecteaz\u0103 la tr\u0103irile ei, la for\u0163a \u015fi pasiunea pe care le-a a\u015fezat \u00een c\u00e2ntecele ei. Vibrezi cu ea la fiecare not\u0103.<\/p>\n<p>Intrarea este liber\u0103, \u00een limita locurilor disponibile.<\/p>\n<p>V\u0103 a\u0219tept\u0103m cu drag!<\/p>","protected":false},"excerpt":{"rendered":"<p>\u00cen gr\u0103dina MNLR are loc un nou concert la sediul din Strada Nicolae Cre\u021bulescu nr. 8, mar\u021bi, 31 iulie 2018,&#8230;<\/p>","protected":false},"author":1,"featured_media":6186,"comment_status":"closed","ping_status":"closed","sticky":false,"template":"","format":"standard","meta":{"_exactmetrics_skip_tracking":false,"_exactmetrics_sitenote_active":false,"_exactmetrics_sitenote_note":"","_exactmetrics_sitenote_category":0,"footnotes":""},"categories":[9],"tags":[],"class_list":["post-6185","post","type-post","status-publish","format-standard","has-post-thumbnail","hentry","category-evenimente"],"_links":{"self":[{"href":"http:\/\/mnlr.ro\/en\/wp-json\/wp\/v2\/posts\/6185","targetHints":{"allow":["GET"]}}],"collection":[{"href":"http:\/\/mnlr.ro\/en\/wp-json\/wp\/v2\/posts"}],"about":[{"href":"http:\/\/mnlr.ro\/en\/wp-json\/wp\/v2\/types\/post"}],"author":[{"embeddable":true,"href":"http:\/\/mnlr.ro\/en\/wp-json\/wp\/v2\/users\/1"}],"replies":[{"embeddable":true,"href":"http:\/\/mnlr.ro\/en\/wp-json\/wp\/v2\/comments?post=6185"}],"version-history":[{"count":2,"href":"http:\/\/mnlr.ro\/en\/wp-json\/wp\/v2\/posts\/6185\/revisions"}],"predecessor-version":[{"id":6188,"href":"http:\/\/mnlr.ro\/en\/wp-json\/wp\/v2\/posts\/6185\/revisions\/6188"}],"wp:featuredmedia":[{"embeddable":true,"href":"http:\/\/mnlr.ro\/en\/wp-json\/wp\/v2\/media\/6186"}],"wp:attachment":[{"href":"http:\/\/mnlr.ro\/en\/wp-json\/wp\/v2\/media?parent=6185"}],"wp:term":[{"taxonomy":"category","embeddable":true,"href":"http:\/\/mnlr.ro\/en\/wp-json\/wp\/v2\/categories?post=6185"},{"taxonomy":"post_tag","embeddable":true,"href":"http:\/\/mnlr.ro\/en\/wp-json\/wp\/v2\/tags?post=6185"}],"curies":[{"name":"wp","href":"https:\/\/api.w.org\/{rel}","templated":true}]}}