{"id":7026,"date":"2018-10-10T13:24:44","date_gmt":"2018-10-10T10:24:44","guid":{"rendered":"http:\/\/mnlr.ro\/?p=7026"},"modified":"2018-10-10T13:36:16","modified_gmt":"2018-10-10T10:36:16","slug":"premiile-muzeului-national-al-literaturii-romane-anunt","status":"publish","type":"post","link":"http:\/\/mnlr.ro\/en\/premiile-muzeului-national-al-literaturii-romane-anunt\/","title":{"rendered":"ANUN\u021a | Premiile Muzeului Na\u021bional al Literaturii Rom\u00e2ne"},"content":{"rendered":"<p><strong>Premiile Muzeului Na\u021bional al Literaturii Rom\u00e2ne<\/strong><\/p>\n<p>Muzeul Na\u0163ional al Literaturii Rom\u00e2ne (M.N.L.R.) va decerna \u00een prima decad\u0103 a lunii decembrie, \u00een cadrul unei festivit\u0103\u021bi de gal\u0103, <strong>Premiile Muzeului Na\u021bional al Literaturii Rom\u00e2ne<\/strong>, dup\u0103 cum urmeaz\u0103:<\/p>\n<p><strong><em>Premiul Perpessicius \u2013 pentru edi\u021bii critice<br \/>\n<\/em><\/strong><strong><em>Premiul \u0218erban Cioculescu \u2013 pentru memorialistic\u0103 \u0219i istorie literar\u0103<br \/>\n<\/em><\/strong><strong><em>Premiul Petru Cre\u021bia \u2013 pentru filologie clasic\u0103<br \/>\n<\/em><\/strong><strong><em>Premiul Tudor Vianu \u2013 pentru teoria literaturii \u0219i a culturii<br \/>\n<\/em><\/strong><strong><em>Premiul Alexandru Piru<\/em><\/strong> \u2013 <strong><em>pentru \u00eencurajarea tinerilor cercet\u0103tori<\/em><\/strong><\/p>\n<p>Muzeul Na\u0163ional al Literaturii Rom\u00e2ne invit\u0103 editurile interesate s\u0103 trimit\u0103 <strong>p\u00e2n\u0103 la data de 15 noiembrie 2018 <\/strong>\u00a0lucr\u0103rile ap\u0103rute \u00een anul 2017, pe care le consider\u0103 reprezentative pentru cele cinci categorii, pentru ca acestea s\u0103 intre \u00een procesul de jurizare.<\/p>\n<p>Volumele pot fi trimise pe adresa Muzeului Na\u0163ional al Literaturii Rom\u00e2ne: Bucure\u015fti, Calea Grivi\u021bei 64-66, sector 1, Bucure\u0219ti, cu men\u021biunea \u201ePentru Premiile MNLR\u201d.<\/p>","protected":false},"excerpt":{"rendered":"<p>Premiile Muzeului Na\u021bional al Literaturii Rom\u00e2ne Muzeul Na\u0163ional al Literaturii Rom\u00e2ne (M.N.L.R.) va decerna \u00een prima decad\u0103 a lunii decembrie,&#8230;<\/p>","protected":false},"author":8,"featured_media":7027,"comment_status":"closed","ping_status":"closed","sticky":false,"template":"","format":"standard","meta":{"_exactmetrics_skip_tracking":false,"_exactmetrics_sitenote_active":false,"_exactmetrics_sitenote_note":"","_exactmetrics_sitenote_category":0,"footnotes":""},"categories":[13],"tags":[],"class_list":["post-7026","post","type-post","status-publish","format-standard","has-post-thumbnail","hentry","category-anunturi"],"_links":{"self":[{"href":"http:\/\/mnlr.ro\/en\/wp-json\/wp\/v2\/posts\/7026","targetHints":{"allow":["GET"]}}],"collection":[{"href":"http:\/\/mnlr.ro\/en\/wp-json\/wp\/v2\/posts"}],"about":[{"href":"http:\/\/mnlr.ro\/en\/wp-json\/wp\/v2\/types\/post"}],"author":[{"embeddable":true,"href":"http:\/\/mnlr.ro\/en\/wp-json\/wp\/v2\/users\/8"}],"replies":[{"embeddable":true,"href":"http:\/\/mnlr.ro\/en\/wp-json\/wp\/v2\/comments?post=7026"}],"version-history":[{"count":4,"href":"http:\/\/mnlr.ro\/en\/wp-json\/wp\/v2\/posts\/7026\/revisions"}],"predecessor-version":[{"id":7031,"href":"http:\/\/mnlr.ro\/en\/wp-json\/wp\/v2\/posts\/7026\/revisions\/7031"}],"wp:featuredmedia":[{"embeddable":true,"href":"http:\/\/mnlr.ro\/en\/wp-json\/wp\/v2\/media\/7027"}],"wp:attachment":[{"href":"http:\/\/mnlr.ro\/en\/wp-json\/wp\/v2\/media?parent=7026"}],"wp:term":[{"taxonomy":"category","embeddable":true,"href":"http:\/\/mnlr.ro\/en\/wp-json\/wp\/v2\/categories?post=7026"},{"taxonomy":"post_tag","embeddable":true,"href":"http:\/\/mnlr.ro\/en\/wp-json\/wp\/v2\/tags?post=7026"}],"curies":[{"name":"wp","href":"https:\/\/api.w.org\/{rel}","templated":true}]}}