{"id":9070,"date":"2019-06-10T15:36:29","date_gmt":"2019-06-10T12:36:29","guid":{"rendered":"http:\/\/mnlr.ro\/?p=9070"},"modified":"2019-06-24T10:56:01","modified_gmt":"2019-06-24T07:56:01","slug":"lansare-antologie-despre-copilarie","status":"publish","type":"post","link":"http:\/\/mnlr.ro\/en\/lansare-antologie-despre-copilarie\/","title":{"rendered":"Lansare antologie \u201eDespre copil\u0103rie\u201d"},"content":{"rendered":"<p><strong>Vineri, 14 iunie 2019, de la ora 17.00, Prim\u0103ria Municipiului Bucure\u0219ti prin Muzeul Na\u021bional al Literaturii Rom\u00e2ne, Inspectoratul \u0218colar al Municipiului Bucure\u0219ti \u0219i Biblioteca Metropolitan\u0103 Bucure\u0219ti v\u0103 invit\u0103 la o Gal\u0103 a Copil\u0103riei \u00een cadrul c\u0103reia va fi lansat\u0103 antologia \u201eDespre copil\u0103rie\u201d, \u00een care apar texte ale elevilor bucure\u0219teni. Evenimentul va avea loc \u00een Gr\u0103dina MNLR din Str. Nicolae Cre\u021bulescu nr. 8 (\u00een spatele Bisericii Albe). <\/strong><\/p>\n<p>La \u00eenceputul antologiei, Gabriela Firea, Primar General al Municipiului Bucure\u015fti \u0219i-a manifestat bucuria de a descoperi \u00een textele copiilor \u201e grija pentru cei dragi, preocuparea pentru natur\u0103 \u015fi mediul \u00eenconjur\u0103tor, dar mai ales dezinvoltura de a comunica deschis despre visele, speran\u0163ele \u015fi aspira\u0163iile\u201d elevilor bucure\u0219teni.<\/p>\n<p>\u201eAve\u0163i sub ochi o antologie de texte ale copiilor din ciclul gimnazial. Sunt peste o sut\u0103 de povestiri \u015fi poezii, av\u00e2nd ca tematic\u0103 general\u0103 \u015fi comun\u0103 copil\u0103ria, basmul \u015fi figurile p\u0103rin\u0163ilor. Orice judecat\u0103 de valoare, dup\u0103 p\u0103rerea mea, e inutil\u0103 \u015fi prematur\u0103. Talentul copiilor e ca puful p\u0103p\u0103diilor. Zboar\u0103 \u00een toate direc\u0163iile, dar nu po\u0163i spune precis unde se va a\u015feza temeinic. Prima e bucuria cititorului, apoi vine la r\u00e2nd speran\u0163a profesionistului. Copiii ace\u015ftia scriu cu pl\u0103cere, cu speran\u0163\u0103 \u015fi, mai mult ca sigur, citesc. Poate c\u0103 nu vor ajunge \u00een primele r\u00e2nduri ale scriitorimii. Dar sigur vor r\u0103m\u00e2ne, la maturitate, cu acest obicei straniu, melancolic, excentric, de a citi. Deocamdat\u0103, ei vor fi v\u0103zu\u0163i de tine, cititorule. Salut\u0103-i!\u201d, noteaz\u0103 \u00een prefa\u021ba sa scriitorul Florin Iaru.<\/p>\n<p>&nbsp;<\/p>\n<p>Intrarea este liber\u0103.<\/p>\n<p>V\u0103 a\u0219tept\u0103m cu drag!<\/p>","protected":false},"excerpt":{"rendered":"<p>Vineri, 14 iunie 2019, de la ora 17.00, Prim\u0103ria Municipiului Bucure\u0219ti prin Muzeul Na\u021bional al Literaturii Rom\u00e2ne, Inspectoratul \u0218colar al&#8230;<\/p>","protected":false},"author":8,"featured_media":9071,"comment_status":"closed","ping_status":"closed","sticky":false,"template":"","format":"standard","meta":{"_exactmetrics_skip_tracking":false,"_exactmetrics_sitenote_active":false,"_exactmetrics_sitenote_note":"","_exactmetrics_sitenote_category":0,"footnotes":""},"categories":[32,9,21],"tags":[],"class_list":["post-9070","post","type-post","status-publish","format-standard","has-post-thumbnail","hentry","category-educatie-muzeala","category-evenimente","category-lansari-de-carte"],"_links":{"self":[{"href":"http:\/\/mnlr.ro\/en\/wp-json\/wp\/v2\/posts\/9070","targetHints":{"allow":["GET"]}}],"collection":[{"href":"http:\/\/mnlr.ro\/en\/wp-json\/wp\/v2\/posts"}],"about":[{"href":"http:\/\/mnlr.ro\/en\/wp-json\/wp\/v2\/types\/post"}],"author":[{"embeddable":true,"href":"http:\/\/mnlr.ro\/en\/wp-json\/wp\/v2\/users\/8"}],"replies":[{"embeddable":true,"href":"http:\/\/mnlr.ro\/en\/wp-json\/wp\/v2\/comments?post=9070"}],"version-history":[{"count":2,"href":"http:\/\/mnlr.ro\/en\/wp-json\/wp\/v2\/posts\/9070\/revisions"}],"predecessor-version":[{"id":9083,"href":"http:\/\/mnlr.ro\/en\/wp-json\/wp\/v2\/posts\/9070\/revisions\/9083"}],"wp:featuredmedia":[{"embeddable":true,"href":"http:\/\/mnlr.ro\/en\/wp-json\/wp\/v2\/media\/9071"}],"wp:attachment":[{"href":"http:\/\/mnlr.ro\/en\/wp-json\/wp\/v2\/media?parent=9070"}],"wp:term":[{"taxonomy":"category","embeddable":true,"href":"http:\/\/mnlr.ro\/en\/wp-json\/wp\/v2\/categories?post=9070"},{"taxonomy":"post_tag","embeddable":true,"href":"http:\/\/mnlr.ro\/en\/wp-json\/wp\/v2\/tags?post=9070"}],"curies":[{"name":"wp","href":"https:\/\/api.w.org\/{rel}","templated":true}]}}