{"id":10432,"date":"2019-11-06T14:24:53","date_gmt":"2019-11-06T12:24:53","guid":{"rendered":"https:\/\/mnlr.ro\/?p=10432"},"modified":"2019-11-06T14:24:53","modified_gmt":"2019-11-06T12:24:53","slug":"auditie-spectacol-radiofonic-in-trafic-de-alina-nelega","status":"publish","type":"post","link":"https:\/\/mnlr.ro\/en\/auditie-spectacol-radiofonic-in-trafic-de-alina-nelega\/","title":{"rendered":"Audi\u021bie spectacol radiofonic | \u201e\u00cen trafic\u201d, de Alina Nelega"},"content":{"rendered":"<p>Muzeul Na\u021bional al Literaturii Rom\u00e2ne \u0219i Teatrul Na\u021bional Radiofonic v\u0103 invit\u0103 mar\u021bi, 12 noiembrie 2019, de la ora 13.00, la sediul din Str. Nicolae Cre\u021bulescu nr. 8, la audi\u021bia \u00een premier\u0103 a spectacolului \u201e<em>\u00cen trafic\u201d,<\/em> de Alina Nelega, dup\u0103\u00a0 textul omonim al autoarei, distins cu premiul \u201eCea mai bun\u0103 pies\u0103 rom\u00e2neasc\u0103 a anului\u201d, la Gala UNITER, edi\u021bia 2013. Spectacolul \u201e<em>\u00cen trafic\u201d<\/em> va fi difuzat difuzat joi, 14 noiembrie 2019, la Radio Rom\u00e2nia Cultural, de la ora 23.00.<\/p>\n<p>La \u00eenceputul anilor 90, Alina Nelega s-a remarcat ca autoare dramatic\u0103 (sintagm\u0103 preferat\u0103 de scriitoare), preocupat\u0103, \u00een egal\u0103 m\u0103sur\u0103, de punerea \u00een scen\u0103 a propriilor texte &#8211; \u201eam devenit dramaturg \u00een momentul \u00een care am \u00eenceput s\u0103 regizez\u201d, afirm\u0103 aceasta. De altfel, Alina Nelega este un om de teatru complet, cunoscut \u0219i recunoscut; a ini\u021biat <em>Dramafest<\/em> (1997) &#8211; prima manifestare rom\u00e2neasc\u0103 dedicat\u0103 noii dramaturgii \u0219i reprezent\u0103rii sale scenice; a scris \u0219i scrie eseuri despre teatru, a \u00eengrijit antologii de dramaturgie \u0219i a co-fondat dou\u0103 reviste de specialitate; \u00een prezent, este prof.univ.dr. la Universitatea de Art\u0103 din Tg. Mure\u0219 (coordoneaz\u0103, aici, masteratul de scriere dramatic\u0103). Textele sale dramatice sunt traduse, montate &#8211; nu de pu\u021bine ori chiar de autoare, \u0219i premiate pe multe scene europene importante. Activitatea recent\u0103 a Alinei Nelega este legat\u0103 de <em>Fabulamundi &#8211; Playwriting Europe<\/em> &#8211; o re\u021bea european\u0103 de institu\u021bii teatrale (teatre, festivaluri, organiza\u021bii culturale) din zece \u021b\u0103ri membre UE, printre care \u0219i Rom\u00e2nia; re\u021beaua promoveaz\u0103 dramaturgia contemporan\u0103, autorii profesioni\u0219ti \u0219i colaborarea lor \u00eentr-un cadru multicultural.<\/p>\n<p>Spectacolul \u201e<em>\u00cen trafic\u201d<\/em> pune \u00een discu\u021bie realit\u0103\u021bi din lumea rom\u00e2neasc\u0103 a acestor zile \u0219i este construit \u00een jurul unui eveniment rutier; sunt implica\u021bi mai mul\u021bi oameni (c\u00e2teva femei, un b\u0103rbat, chiar \u0219i un c\u00e2ine &#8211; posibil\u0103 voce auctorial\u0103!) \u0219i ei sunt martori sau \u00een centrul evenimentului. Sunt pove\u0219ti despre oameni obi\u0219nui\u021bi care-\u0219i tr\u0103iesc zilele lor obi\u0219nuite, \u00eentr-o comunitate rom\u00e2neasc\u0103 obi\u0219nuit\u0103 care-\u0219i rateaz\u0103 normalitatea.<\/p>\n<p>\u201eAtent\u0103 la lumea rom\u00e2neasc\u0103, la traumele care fractureaz\u0103 identitatea individului \u0219i ale comunit\u0103\u021bii, Alina Nelega, cu inteligen\u021b\u0103 dramaturgic\u0103 \u0219i regizoral\u0103, \u00eentr-un limbaj teatral contemporan, dezvolt\u0103 \u00een aceast spectacol, \u00eempreun\u0103 cu sound designer-ul Tom Br\u00e2ndu\u0219, un univers sonor care sus\u021bine \u0219i reliefeaz\u0103 tensiunea \u0219i ritmul situa\u021biilor \u00een care evolueaz\u0103 eroii s\u0103i; ace\u0219tia, sub presiunea evenimentului prezent, aduc \u00een actualitate \u0219i fragmente incomode sau nelini\u0219titoare din propriul trecut. Actorii confer\u0103 substan\u021b\u0103 \u0219i c\u0103ldur\u0103 omeneasc\u0103 personajelor \u00eencredin\u021bate, las\u0103 \u00een memoria ascult\u0103torului destinul acestora\u201d, este de p\u0103rere Crengu\u021ba Manea, Redac\u021bia TEATRU, Radio Rom\u00e2nia.<\/p>\n<p>\u201e\u00cen trafic\u201d, scenariu radiofonic de Alina Nelega. Regia artistic\u0103: Alina Nelega. \u00cen distribu\u021bie: Elena Purea, Cristina Ungureanu, Alice Bratu, Monica Ristea, Carmen Ghiurco, Cristina Holtzli, Nicolae Cristache, Cristian Iorga, M\u0103lina Moraru, Mihai Cr\u0103ciun, Narcis Zamfir. Regia de studio: Milica Creiniceanu. Sound design: Tom Br\u00e2ndu\u0219. Redactor \u0219i coordonator de proiect: Crengu\u021ba Manea. Spectacol realizat \u00een colaborare cu Radio Rom\u00e2nia Tg. Mure\u0219. \u00cenregistrare din anul 2019.<\/p>","protected":false},"excerpt":{"rendered":"<p>Muzeul Na\u021bional al Literaturii Rom\u00e2ne \u0219i Teatrul Na\u021bional Radiofonic v\u0103 invit\u0103 mar\u021bi, 12 noiembrie 2019, de la ora 13.00, la&#8230;<\/p>","protected":false},"author":8,"featured_media":10433,"comment_status":"closed","ping_status":"closed","sticky":false,"template":"","format":"standard","meta":{"_exactmetrics_skip_tracking":false,"_exactmetrics_sitenote_active":false,"_exactmetrics_sitenote_note":"","_exactmetrics_sitenote_category":0,"footnotes":""},"categories":[30],"tags":[],"class_list":["post-10432","post","type-post","status-publish","format-standard","has-post-thumbnail","hentry","category-auditii"],"_links":{"self":[{"href":"https:\/\/mnlr.ro\/en\/wp-json\/wp\/v2\/posts\/10432","targetHints":{"allow":["GET"]}}],"collection":[{"href":"https:\/\/mnlr.ro\/en\/wp-json\/wp\/v2\/posts"}],"about":[{"href":"https:\/\/mnlr.ro\/en\/wp-json\/wp\/v2\/types\/post"}],"author":[{"embeddable":true,"href":"https:\/\/mnlr.ro\/en\/wp-json\/wp\/v2\/users\/8"}],"replies":[{"embeddable":true,"href":"https:\/\/mnlr.ro\/en\/wp-json\/wp\/v2\/comments?post=10432"}],"version-history":[{"count":1,"href":"https:\/\/mnlr.ro\/en\/wp-json\/wp\/v2\/posts\/10432\/revisions"}],"predecessor-version":[{"id":10434,"href":"https:\/\/mnlr.ro\/en\/wp-json\/wp\/v2\/posts\/10432\/revisions\/10434"}],"wp:featuredmedia":[{"embeddable":true,"href":"https:\/\/mnlr.ro\/en\/wp-json\/wp\/v2\/media\/10433"}],"wp:attachment":[{"href":"https:\/\/mnlr.ro\/en\/wp-json\/wp\/v2\/media?parent=10432"}],"wp:term":[{"taxonomy":"category","embeddable":true,"href":"https:\/\/mnlr.ro\/en\/wp-json\/wp\/v2\/categories?post=10432"},{"taxonomy":"post_tag","embeddable":true,"href":"https:\/\/mnlr.ro\/en\/wp-json\/wp\/v2\/tags?post=10432"}],"curies":[{"name":"wp","href":"https:\/\/api.w.org\/{rel}","templated":true}]}}