{"id":10709,"date":"2019-11-27T12:52:20","date_gmt":"2019-11-27T10:52:20","guid":{"rendered":"https:\/\/mnlr.ro\/?p=10709"},"modified":"2019-11-27T14:02:02","modified_gmt":"2019-11-27T12:02:02","slug":"10709-2","status":"publish","type":"post","link":"https:\/\/mnlr.ro\/en\/10709-2\/","title":{"rendered":"Conferin\u021b\u0103 | \u201e1 Decembrie 1918 \u2013 Piatra de Hotar \u00een Istoria Rom\u00e2niei\u201d"},"content":{"rendered":"<p>Funda\u021bia Colegiului Na\u021bional de Ap\u0103rare organizeaz\u0103, pe 28 noiembrie 2019, la Muzeul Militar Na\u021bional Regele \u201eFerdinand I\u201d, Conferin\u021ba na\u021bional\u0103 <strong>\u201e1 Decembrie 1918 \u2013 Piatra de Hotar \u00een Istoria Rom\u00e2niei\u201d<\/strong>, desf\u0103\u0219urat\u0103 sub egida manifest\u0103rilor dedicate Zilei Na\u021bionale a Rom\u00e2niei, eveniment la care Muzeul Na\u021bional al Literaturii Rom\u00e2ne este partener, al\u0103turi de Academia Rom\u00e2n\u0103 \u0219i Colegiul Na\u021bional de Ap\u0103rare.<\/p>\n<p><strong>PROGRAMUL CONFERIN\u021aEI<\/strong><\/p>\n<p><strong>09.30<\/strong> \u2013 Primirea invita\u021bilor<br \/>\n<strong>09.55<\/strong> \u2013 Poz\u0103 de grup<br \/>\n<strong>10.00<\/strong> \u2013 Intonarea Imnului \u2013 Domni\u021ba Iscru<\/p>\n<p><strong>Deschiderea Conferin\u021bei:<\/strong><\/p>\n<p>Cristian Petcu \u2013 Pre\u0219edinte FCNAp<br \/>\nGl. Mihail Vasile-Ozunu \u2013 Pre\u0219edinte de onoare FCNAp<br \/>\nCodrin Dumitru Munteanu \u2013 Secretar general MApN<br \/>\nCol. Doina Mure\u0219an \u2013 Director CNAp<br \/>\nCol. Constantin Lupu \u2013 Comandant Muzeul Militar<\/p>\n<p><strong>10.15<\/strong> \u2013 Conf. univ. dr. Ioan Cristescu \u2013 Manager General al Muzeului Na\u021bional al Literaturii Rom\u00e2ne<br \/>\n<strong>10.35<\/strong> \u2013 Academician Mircia Dumitrescu \u2013 Prezentare album: <em>Calvarul solda\u021bilor rom\u00e2ni, prizonieri \u00een Alsacia \u0219i Lorena<br \/>\n<\/em><strong>10.55<\/strong> \u2013 Prof. univ. dr. Ion Scurtu \u2013 <em>Rom\u00e2nia \u00een anii premerg\u0103tori Marii Uniri 1916-1917<br \/>\n<\/em><strong>11.15<\/strong> \u2013 Prof. univ. dr. Constantin Hlihor \u2013 <em>Rom\u00e2nia \u00een anul Marii Uniri 1918<br \/>\n<\/em><strong>11.35<\/strong> \u2013 Prof.\u00a0 Ion Calafeteanu \u2013 <em>Rom\u00e2nia \u00een timpul tratatelor de pace<br \/>\n<\/em><strong>11.50<\/strong> \u2013 Pr. prof. univ. dr. Mihai S\u0103s\u0103ujan \u2013 <em>Biserica \u0219i Marea Unire<br \/>\n<\/em><strong>11.50 &#8211; 12.05<\/strong> &#8211; Pauz\u0103<br \/>\n<strong>12.05-13.00<\/strong> \u2013 Prezentarea Muzeului Militar<\/p>\n<p>Parteneri media:<\/p>\n<p>Trinitas TV, TVR 3, Radio Rom\u00e2nia Cultural<\/p>","protected":false},"excerpt":{"rendered":"<p>Funda\u021bia Colegiului Na\u021bional de Ap\u0103rare organizeaz\u0103, pe 28 noiembrie 2019, la Muzeul Militar Na\u021bional Regele \u201eFerdinand I\u201d, Conferin\u021ba na\u021bional\u0103 \u201e1&#8230;<\/p>","protected":false},"author":8,"featured_media":10710,"comment_status":"closed","ping_status":"closed","sticky":false,"template":"","format":"standard","meta":{"_exactmetrics_skip_tracking":false,"_exactmetrics_sitenote_active":false,"_exactmetrics_sitenote_note":"","_exactmetrics_sitenote_category":0,"footnotes":""},"categories":[37,9],"tags":[],"class_list":["post-10709","post","type-post","status-publish","format-standard","has-post-thumbnail","hentry","category-conferinte","category-evenimente"],"_links":{"self":[{"href":"https:\/\/mnlr.ro\/en\/wp-json\/wp\/v2\/posts\/10709","targetHints":{"allow":["GET"]}}],"collection":[{"href":"https:\/\/mnlr.ro\/en\/wp-json\/wp\/v2\/posts"}],"about":[{"href":"https:\/\/mnlr.ro\/en\/wp-json\/wp\/v2\/types\/post"}],"author":[{"embeddable":true,"href":"https:\/\/mnlr.ro\/en\/wp-json\/wp\/v2\/users\/8"}],"replies":[{"embeddable":true,"href":"https:\/\/mnlr.ro\/en\/wp-json\/wp\/v2\/comments?post=10709"}],"version-history":[{"count":5,"href":"https:\/\/mnlr.ro\/en\/wp-json\/wp\/v2\/posts\/10709\/revisions"}],"predecessor-version":[{"id":10717,"href":"https:\/\/mnlr.ro\/en\/wp-json\/wp\/v2\/posts\/10709\/revisions\/10717"}],"wp:featuredmedia":[{"embeddable":true,"href":"https:\/\/mnlr.ro\/en\/wp-json\/wp\/v2\/media\/10710"}],"wp:attachment":[{"href":"https:\/\/mnlr.ro\/en\/wp-json\/wp\/v2\/media?parent=10709"}],"wp:term":[{"taxonomy":"category","embeddable":true,"href":"https:\/\/mnlr.ro\/en\/wp-json\/wp\/v2\/categories?post=10709"},{"taxonomy":"post_tag","embeddable":true,"href":"https:\/\/mnlr.ro\/en\/wp-json\/wp\/v2\/tags?post=10709"}],"curies":[{"name":"wp","href":"https:\/\/api.w.org\/{rel}","templated":true}]}}