{"id":10785,"date":"2019-12-03T15:44:09","date_gmt":"2019-12-03T13:44:09","guid":{"rendered":"https:\/\/mnlr.ro\/?p=10785"},"modified":"2019-12-03T15:45:13","modified_gmt":"2019-12-03T13:45:13","slug":"cafeneaua-critica-editie-speciala-maitec-la-muzeul-national-de-arta-al-romaniei","status":"publish","type":"post","link":"https:\/\/mnlr.ro\/en\/cafeneaua-critica-editie-speciala-maitec-la-muzeul-national-de-arta-al-romaniei\/","title":{"rendered":"Cafeneaua critic\u0103 | Edi\u021bie special\u0103 \u201eMaitec\u201d la Muzeul Na\u021bional de Art\u0103 al Rom\u00e2niei"},"content":{"rendered":"<p><strong>Edi\u0163ie special\u0103 Maitec!<\/strong><\/p>\n<p><strong>(Cafeneaua critic\u0103 \u00ceN DEPLASARE, <\/strong><\/p>\n<p><strong>la Muzeul Na\u0163ional de Art\u0103, joi 5 decembrie 2019)<\/strong><\/p>\n<p>&nbsp;<\/p>\n<p>Joi 5 decembrie, <strong>Cafeneaua critic\u0103<\/strong> propune vizitarea marii expozi\u0163ii <strong>Maitec<\/strong> de la Muzeul Na\u0163ional de Art\u0103 al Rom\u00e2niei \u2013 MNAR, din Palatul Regal, la <strong>Parterul Galeriei Na\u0163ionale, \u015fi o discu\u0163ie despre expozi\u0163ie, la fa\u0163a locului.<\/strong><\/p>\n<p><strong>Vernisat\u0103 pe 31 octombrie 2019, deschis\u0103 p\u00een\u0103 pe 31 ianuarie 2020, expozi\u0163ia <\/strong><strong>#Maitec\/ Sultana\u00a0 &amp; Ovidiu \u2013 Dana &amp; Stephane\/ Lemn Aur Lumin\u0103<\/strong><strong> propune cea mai ampl\u0103 reunire de lucr\u0103ri ale marelui sculptor preponderent \u00een lemn Ovidiu Maitec (1925-2007) \u015fi ale marii pictori\u0163e Sultana Maitec (1926<\/strong><strong>\/<\/strong><strong>1928-2016), precum \u015fi lucr\u0103ri recente ale duo-ului de arti\u015fti Dana (n. 1970) \u015fi Stephane (n. 1957) Maitec (fiul Sultanei \u015fi al lui Ovidiu), stabili\u0163i la Paris, fotografi de art\u0103, afla\u0163i \u00eentr-o spectaculoas\u0103 etap\u0103 de experimentare a <\/strong><strong>Reflexiilor<\/strong><strong>\/<\/strong> <strong><em>Reflections<\/em><\/strong><strong>, de lucru cu lumina.<\/strong><\/p>\n<p>Edi\u0163ia special\u0103 Maitec a <strong>Cafenelei critice<\/strong> va avea urm\u0103torul program: orele 18.00-19.00 \u2013 vizitare; orele 19.00-21.00 \u2013 discu\u0163ie despre expozi\u0163ie.<\/p>\n<p>Particip\u0103: Dana \u015fi <strong>Stephane Maitec, Irina Ungureanu (curatoarea expozi\u0163iei), critici \u015fi istorici de art\u0103.<\/strong><\/p>\n<p>Amfitrion: Ion Bogdan Lefter.<\/p>\n<p>EDI\u0162IE REALIZAT\u0102 \u00ceN COLABORARE CU MUZEUL NA\u0162IONAL DE ART\u0102 AL ROM\u00c2NIEI \u2013 MNAR, LA PALATUL REGAL, LA PARTERUL GALERIEI NA\u0162IONALE!<\/p>\n<p>CU \u00ceNCEPERE DE LA ORELE 18.00!<\/p>\n<p>ATEN\u0162IE!: ACCESUL \u00ceN EXPOZI\u0162IE \u015eI C\u0102TRE SALA \u00ceN CARE VA AVEA LOC DEZBATEREA \u201eCAFENELEI CRITICE\u201d NU MAI ESTE POSIBIL DUP\u0102 ORELE 19.30!<\/p>\n<p><strong>Cafeneaua critic\u0103<\/strong> este un proiect de dezbateri culturale pe teme de actualitate. Prima serie s-a desf\u0103\u015furat \u00een anii 1994-1998 \u00een Cafeneaua Facult\u0103\u0163ii de Litere a Universit\u0103\u0163ii din Bucure\u015fti. Seria a doua a debutat \u00een noiembrie 2008 la Clubul TSC \u015fi a continuat la Clubul A, la Club Control, din nou la Club A, la POINT \u015fi la Muzeul Na\u0163ional al Literaturii Rom\u00e2ne \u2013 MNLR. De asemenea, <strong>Cafeneaua critic\u0103<\/strong> organizeaz\u0103 \u015fi edi\u0163ii \u201e\u00een deplasare\u201d, \u00een mijlocul evenimentelor culturale pe care le dezbate.<\/p>\n<p>*<\/p>\n<p><strong>Cafeneaua critic\u0103<\/strong><\/p>\n<p>joi 5 decembrie 2019<\/p>\n<p>orele 18.00-21.00<\/p>\n<p><em>la Muzeul Na\u0163ional de Art\u0103 al Rom\u00e2niei din Bucure\u015fti\/ MNAR<\/em><\/p>\n<p><strong>Parterul Galeriei Na\u0163ionale<\/strong><\/p>\n<p>Calea Victoriei nr. 49-53<\/p>\n<p>(intrare din Calea Victoriei, prin curtea central\u0103 a Palatului Regal, vizavi de BCU)<\/p>\n<p>Contact: 0737-210.978 (Paul Radu\/ Cafeneaua critic\u0103)<\/p>\n<p>________________<\/p>\n<p>* Invita\u0163ii \u201estagiunii\u201d 2019-2020 \u015fi participan\u0163ii la discu\u0163ii: Bogdan Ghiu, Cristina Popescu Russu, Nicolae Prelipceanu \u015fi, prin mesaje video, Mihai M\u0103niu\u0163iu \u015fi Ovidiu \u015eandor (despre actualitatea cultural\u0103 a toamnei 2019) (edi\u0163ia a 252-a); Ion Cocora, Ioan Cristescu, Doina Papp, Ludmila Patlanjoglu, Cristina Rusiecki \u015fi Mircea Anghelescu, Iulian B\u0103icu\u015f, Valentin Petculescu, Vasile Tolan (despre dramaturgia rom\u00e2neasc\u0103 de Ziua ei) (edi\u0163ia a 253-a); Nora Iuga, Tiberiu Almosnino, Nicolae Prelipceanu (evocare George Almosnino) (edi\u0163ia a 254-a); Liviu Franga \u015fi Theodor Georgescu, Tudor Dinu, Anabella Niculescu-Gorpin, Valentin Ajder (De la Aristofan la rescrierea teatral\u0103) (edi\u0163ia a 255-a).<\/p>","protected":false},"excerpt":{"rendered":"<p>Edi\u0163ie special\u0103 Maitec! (Cafeneaua critic\u0103 \u00ceN DEPLASARE, la Muzeul Na\u0163ional de Art\u0103, joi 5 decembrie 2019) &nbsp; Joi 5 decembrie,&#8230;<\/p>","protected":false},"author":8,"featured_media":10786,"comment_status":"closed","ping_status":"closed","sticky":false,"template":"","format":"standard","meta":{"_exactmetrics_skip_tracking":false,"_exactmetrics_sitenote_active":false,"_exactmetrics_sitenote_note":"","_exactmetrics_sitenote_category":0,"footnotes":""},"categories":[24,9,8],"tags":[],"class_list":["post-10785","post","type-post","status-publish","format-standard","has-post-thumbnail","hentry","category-dezbateri-culturale","category-evenimente","category-recomandari"],"_links":{"self":[{"href":"https:\/\/mnlr.ro\/en\/wp-json\/wp\/v2\/posts\/10785","targetHints":{"allow":["GET"]}}],"collection":[{"href":"https:\/\/mnlr.ro\/en\/wp-json\/wp\/v2\/posts"}],"about":[{"href":"https:\/\/mnlr.ro\/en\/wp-json\/wp\/v2\/types\/post"}],"author":[{"embeddable":true,"href":"https:\/\/mnlr.ro\/en\/wp-json\/wp\/v2\/users\/8"}],"replies":[{"embeddable":true,"href":"https:\/\/mnlr.ro\/en\/wp-json\/wp\/v2\/comments?post=10785"}],"version-history":[{"count":2,"href":"https:\/\/mnlr.ro\/en\/wp-json\/wp\/v2\/posts\/10785\/revisions"}],"predecessor-version":[{"id":10788,"href":"https:\/\/mnlr.ro\/en\/wp-json\/wp\/v2\/posts\/10785\/revisions\/10788"}],"wp:featuredmedia":[{"embeddable":true,"href":"https:\/\/mnlr.ro\/en\/wp-json\/wp\/v2\/media\/10786"}],"wp:attachment":[{"href":"https:\/\/mnlr.ro\/en\/wp-json\/wp\/v2\/media?parent=10785"}],"wp:term":[{"taxonomy":"category","embeddable":true,"href":"https:\/\/mnlr.ro\/en\/wp-json\/wp\/v2\/categories?post=10785"},{"taxonomy":"post_tag","embeddable":true,"href":"https:\/\/mnlr.ro\/en\/wp-json\/wp\/v2\/tags?post=10785"}],"curies":[{"name":"wp","href":"https:\/\/api.w.org\/{rel}","templated":true}]}}