{"id":1083,"date":"2017-07-17T12:47:36","date_gmt":"2017-07-17T09:47:36","guid":{"rendered":"http:\/\/mnlr.ro\/?p=1083"},"modified":"2017-07-18T14:44:33","modified_gmt":"2017-07-18T11:44:33","slug":"dezbatere-de-ce-este-romania-astfel-avatarurile-exceptionalului-romanesc","status":"publish","type":"post","link":"https:\/\/mnlr.ro\/en\/dezbatere-de-ce-este-romania-astfel-avatarurile-exceptionalului-romanesc\/","title":{"rendered":"Dezbatere: \u201eDe ce este Rom\u00e2nia astfel? Avatarurile excep\u021bionalului rom\u00e2nesc\u201d"},"content":{"rendered":"<p><strong>Joi, 20 iulie, la ora 19.00, va avea loc o dezbatere pe marginea volumului <em>De ce este Rom\u00e2nia astfel?<\/em> <em>Avatarurile excep\u021bionalului rom\u00e2nesc<\/em>, volum ap\u0103rut la Editura Polirom anul acesta \u0219i coordonat de Vintil\u0103 Mih\u0103ilescu. Evenimentul va fi moderat de Vasile Ernu \u0219i \u00eei va avea ca invita\u021bi pe Vintil\u0103 Mih\u0103ilescu, Ruxandra Ivan, Mihai Burcea, Dinu Gu\u0163u \u0219i C\u0103t\u0103lin Stoica.<\/strong><\/p>\n<p>\u201eDe ce este Rom\u00e2nia altfel?\u201d se \u00eentreba \u00een 2013 Lucian Boia \u00eentr-un cunoscut eseu care a st\u00e2rnit o adev\u0103rat\u0103 g\u00e2lceav\u0103 a intelectualilor. Astfel s-a n\u0103scut ideea volumului coordonat de Vintil\u0103 Mih\u0103ilescu, mai \u00eent\u00e2i ca replic\u0103 reflexiv\u0103 la cartea lui Lucian Boia, dar propun\u00e2ndu-\u0219i s\u0103 mearg\u0103 mai departe de polemicile mai mult sau mai pu\u0163in efemere. Rezultatul este c\u0103, motiva\u0163i de o reticen\u0163\u0103 principial\u0103 \u015fi strategic\u0103 fa\u0163\u0103 de fenomenul public al excep\u0163ionalismului rom\u00e2nesc, antropologi, sociologi, politologi, istorici, universitari \u015fi cercet\u0103tori \u00eencearc\u0103 s\u0103 r\u0103spund\u0103 la \u00eentrebarea \u201eDe ce este Rom\u00e2nia astfel?\u201d.<\/p>\n<p><em>Oscil\u0103m \u00een continuare \u00eentre nostalgii dup\u0103 leag\u0103nul matern al neamului \u015fi megalomania dorin\u0163ei de autodep\u0103\u015fire. Se poate spune c\u0103 am fost \u2013 \u015fi am r\u0103mas \u2013 societatea confrunt\u0103rii dintre fra\u0163ii Grimm \u015fi Darwin: fie cea a a\u015fez\u0103rii protectoare \u00een mitologizarea originii, fie cea a tenta\u0163iei riscante de a ne g\u0103si locul \u00een mitologizarea evolu\u0163iei; \u00eentre a fost odat\u0103 ca niciodat\u0103 \u015fi va fi odat\u0103 ca niciodat\u0103 \u2013 dar f\u0103r\u0103 asumarea unui este. \u00cen ambele cazuri, Istoria noastr\u0103 a r\u0103mas, la nivel discursiv, Poveste.<\/em> (Vintil\u0103 Mih\u0103ilescu)<\/p>\n<p><strong>VINTIL\u0102 MIH\u0102ILESCU\u00a0<\/strong>este profesor universitar doctor \u00een cadrul Departamentului de Sociologie al \u015ecolii Na\u0163ionale de Studii Politice \u015fi Administrative (SNSPA). A fost <em>visiting professor<\/em> la numeroase universit\u0103\u0163i \u015fi centre de studii avansate din Canada, Fran\u0163a, Italia, Elve\u0163ia, Germania, Belgia, Austria \u015fi Bulgaria. Din 2005 p\u00e2n\u0103 \u00een 2010 a fost directorul general al Muzeului \u0162\u0103ranului Rom\u00e2n. \u00cen 1990 a ini\u0163iat organizarea Societ\u0103\u0163ii de Antropologie Cultural\u0103 din Rom\u00e2nia (SACR), al c\u0103rei pre\u015fedinte a fost \u00eentre 1994 \u015fi 2000. Din 1998 este colaborator permanent la revista <em>Dilema (veche)<\/em>, unde de\u0163ine rubrica \u201e&#8230;@hai-hui.ro\u201d. A mai publicat: <em>Paysans de l\u2019histoire<\/em> (\u00een colab., 1992), <em>Fascina\u0163ia diferen\u0163ei<\/em> (1999), <em>Socio-hai-hui. O alt\u0103 sociologie a tranzi\u0163iei<\/em> (2000), <em>Svakodnevica nije vise ono sti je bila<\/em> (Belgrad, 2002), <em>Sf\u00eer\u015fitul jocului. Rom\u00e2nia celor 20 de ani<\/em> (2010). De acela\u015fi autor, la Editura Polirom au ap\u0103rut <em>Socio-hai-hui prin Arhipelagul Rom\u00e2nia<\/em> (2006), <em>Antropologie. Cinci introduceri<\/em> (ed. I, 2007; ed. a II-a rev\u0103zut\u0103 \u015fi ad\u0103ugit\u0103, 2009), <em>Etnografii urbane. Cotidianul v\u0103zut de aproape<\/em> (coord., 2009), <em>Scutecele na\u0163iunii \u015fi hainele \u00eemp\u0103ratului. Note de antropologie public\u0103<\/em> (ed. I, ed. a II-a, 2013), <em>Condi\u0163ia rom\u0103 \u015fi schimbarea discursului<\/em> (coord. \u00eempreun\u0103 cu Petre Matei, 2014) \u015fi <em>Apologia p\u00e2rleazului<\/em> (2015).<\/p>","protected":false},"excerpt":{"rendered":"<p>Joi, 20 iulie, la ora 19.00, va avea loc o dezbatere pe marginea volumului De ce este Rom\u00e2nia astfel? Avatarurile&#8230;<\/p>","protected":false},"author":1,"featured_media":1067,"comment_status":"closed","ping_status":"closed","sticky":false,"template":"","format":"standard","meta":{"_exactmetrics_skip_tracking":false,"_exactmetrics_sitenote_active":false,"_exactmetrics_sitenote_note":"","_exactmetrics_sitenote_category":0,"footnotes":""},"categories":[9],"tags":[],"class_list":["post-1083","post","type-post","status-publish","format-standard","has-post-thumbnail","hentry","category-evenimente"],"_links":{"self":[{"href":"https:\/\/mnlr.ro\/en\/wp-json\/wp\/v2\/posts\/1083","targetHints":{"allow":["GET"]}}],"collection":[{"href":"https:\/\/mnlr.ro\/en\/wp-json\/wp\/v2\/posts"}],"about":[{"href":"https:\/\/mnlr.ro\/en\/wp-json\/wp\/v2\/types\/post"}],"author":[{"embeddable":true,"href":"https:\/\/mnlr.ro\/en\/wp-json\/wp\/v2\/users\/1"}],"replies":[{"embeddable":true,"href":"https:\/\/mnlr.ro\/en\/wp-json\/wp\/v2\/comments?post=1083"}],"version-history":[{"count":1,"href":"https:\/\/mnlr.ro\/en\/wp-json\/wp\/v2\/posts\/1083\/revisions"}],"predecessor-version":[{"id":1084,"href":"https:\/\/mnlr.ro\/en\/wp-json\/wp\/v2\/posts\/1083\/revisions\/1084"}],"wp:featuredmedia":[{"embeddable":true,"href":"https:\/\/mnlr.ro\/en\/wp-json\/wp\/v2\/media\/1067"}],"wp:attachment":[{"href":"https:\/\/mnlr.ro\/en\/wp-json\/wp\/v2\/media?parent=1083"}],"wp:term":[{"taxonomy":"category","embeddable":true,"href":"https:\/\/mnlr.ro\/en\/wp-json\/wp\/v2\/categories?post=1083"},{"taxonomy":"post_tag","embeddable":true,"href":"https:\/\/mnlr.ro\/en\/wp-json\/wp\/v2\/tags?post=1083"}],"curies":[{"name":"wp","href":"https:\/\/api.w.org\/{rel}","templated":true}]}}