{"id":10866,"date":"2019-12-09T15:19:12","date_gmt":"2019-12-09T13:19:12","guid":{"rendered":"https:\/\/mnlr.ro\/?p=10866"},"modified":"2019-12-09T15:19:12","modified_gmt":"2019-12-09T13:19:12","slug":"seara-mircea-cartarescu-la-cafeneaua-critica","status":"publish","type":"post","link":"https:\/\/mnlr.ro\/en\/seara-mircea-cartarescu-la-cafeneaua-critica\/","title":{"rendered":"Sear\u0103 Mircea C\u0103rt\u0103rescu la Cafeneaua critic\u0103!"},"content":{"rendered":"<p><strong>(MNLR, joi 12 decembrie 2019)<\/strong><\/p>\n<p>\u00cenapoi la Muzeul Na\u0163ional al Literaturii Rom\u00e2ne \u2013 MNLR, dup\u0103 edi\u0163ia special\u0103 consacrat\u0103 expozi\u0163iei\u00a0<strong>Maitec<\/strong>\u00a0de la Muzeul Na\u0163ional de Art\u0103 al Rom\u00e2niei \u2013 MNAR,\u00a0<strong>Cafeneaua critic\u0103<\/strong> propune o sear\u0103 cu Mircea C\u0103rt\u0103rescu, pornind de la <strong>Melancolia<\/strong>\u00a0sa (Humanitas, 2019), recent lansat\u0103, \u00een pragul verii, la Salonul editorial\u00a0<strong>Bookfest<\/strong>: o nou\u0103 carte de proz\u0103 a celui mai apreciat scriitor rom\u00e2n de azi, \u00een \u0163ar\u0103 \u015fi \u00een str\u0103in\u0103tate.<\/p>\n<p>Amfitrion: Ion Bogdan Lefter.<\/p>\n<p><strong>Cafeneaua critic\u0103<\/strong>\u00a0este un proiect de dezbateri culturale pe teme de actualitate. Prima serie s-a desf\u0103\u015furat \u00een anii 1994-1998 \u00een Cafeneaua Facult\u0103\u0163ii de Litere a Universit\u0103\u0163ii din Bucure\u015fti. Seria a doua a debutat \u00een noiembrie 2008 la Clubul TSC \u015fi a continuat la Clubul A, la Club Control, din nou la Club A, la POINT \u015fi la Muzeul Na\u0163ional al Literaturii Rom\u00e2ne \u2013 MNLR. De asemenea,\u00a0<strong>Cafeneaua critic\u0103<\/strong>\u00a0organizeaz\u0103 \u015fi edi\u0163ii \u201e\u00een deplasare\u201d, \u00een mijlocul evenimentelor culturale pe care le dezbate.<\/p>\n<p>*<\/p>\n<p><strong>Cafeneaua critic\u0103<\/strong><br \/>\njoi 12 decembrie 2019, orele 19.00-21.30<br \/>\nMuzeul Na\u0163ional al Literaturii Rom\u00e2ne din Bucure\u015fti \u2013\u00a0<em>MNLR<\/em><br \/>\nStr. Nicolae Cre\u0163ulescu nr. 8 (\u00een spatele Bisericii Albe de pe Calea Victoriei \u015fi \u00een spatele UNITER)<br \/>\nContact: 0731-00.30.22 (Andreea Dr\u0103ghicescu\/ MNLR); 0737-210.978 (Paul Radu\/ Cafeneaua critic\u0103)<\/p>\n<p>________________<\/p>\n<p>* Invita\u0163ii \u201estagiunii\u201d 2019-2020 \u015fi participan\u0163ii la discu\u0163ii: Bogdan Ghiu, Cristina Popescu Russu, Nicolae Prelipceanu \u015fi, prin mesaje video, Mihai M\u0103niu\u0163iu \u015fi Ovidiu \u015eandor (despre actualitatea cultural\u0103 a toamnei 2019) (edi\u0163ia a 252-a); Ion Cocora, Ioan Cristescu, Doina Papp, Ludmila Patlanjoglu, Cristina Rusiecki \u015fi Mircea Anghelescu, Iulian B\u0103icu\u015f, Valentin Petculescu, Vasile Tolan (despre dramaturgia rom\u00e2neasc\u0103 de Ziua ei) (edi\u0163ia a 253-a); Nora Iuga, Tiberiu Almosnino, Nicolae Prelipceanu (evocare George Almosnino) (edi\u0163ia a 254-a); Liviu Franga \u015fi Theodor Georgescu, Tudor Dinu, Anabella Niculescu-Gorpin, Valentin Ajder (De la Aristofan la rescrierea teatral\u0103) (edi\u0163ia a 255-a); Dana \u015fi\u00a0<strong>Stephane Maitec, Irina Ungureanu \u015fi Iulian B\u0103icu\u015f, Magda C\u00e2rneci, Matei St\u00eercea-Cr\u0103ciun, Rodica Petre (despre expozi\u0163ia Maite<\/strong><strong>c<\/strong><strong>\u00a0de la MNAR)\u00a0<\/strong>(edi\u0163ia a 255-a).<\/p>","protected":false},"excerpt":{"rendered":"<p>(MNLR, joi 12 decembrie 2019) \u00cenapoi la Muzeul Na\u0163ional al Literaturii Rom\u00e2ne \u2013 MNLR, dup\u0103 edi\u0163ia special\u0103 consacrat\u0103 expozi\u0163iei\u00a0Maitec\u00a0de la&#8230;<\/p>","protected":false},"author":8,"featured_media":10867,"comment_status":"closed","ping_status":"closed","sticky":false,"template":"","format":"standard","meta":{"_exactmetrics_skip_tracking":false,"_exactmetrics_sitenote_active":false,"_exactmetrics_sitenote_note":"","_exactmetrics_sitenote_category":0,"footnotes":""},"categories":[25],"tags":[],"class_list":["post-10866","post","type-post","status-publish","format-standard","has-post-thumbnail","hentry","category-cluburi-si-cenacluri-literare"],"_links":{"self":[{"href":"https:\/\/mnlr.ro\/en\/wp-json\/wp\/v2\/posts\/10866","targetHints":{"allow":["GET"]}}],"collection":[{"href":"https:\/\/mnlr.ro\/en\/wp-json\/wp\/v2\/posts"}],"about":[{"href":"https:\/\/mnlr.ro\/en\/wp-json\/wp\/v2\/types\/post"}],"author":[{"embeddable":true,"href":"https:\/\/mnlr.ro\/en\/wp-json\/wp\/v2\/users\/8"}],"replies":[{"embeddable":true,"href":"https:\/\/mnlr.ro\/en\/wp-json\/wp\/v2\/comments?post=10866"}],"version-history":[{"count":1,"href":"https:\/\/mnlr.ro\/en\/wp-json\/wp\/v2\/posts\/10866\/revisions"}],"predecessor-version":[{"id":10868,"href":"https:\/\/mnlr.ro\/en\/wp-json\/wp\/v2\/posts\/10866\/revisions\/10868"}],"wp:featuredmedia":[{"embeddable":true,"href":"https:\/\/mnlr.ro\/en\/wp-json\/wp\/v2\/media\/10867"}],"wp:attachment":[{"href":"https:\/\/mnlr.ro\/en\/wp-json\/wp\/v2\/media?parent=10866"}],"wp:term":[{"taxonomy":"category","embeddable":true,"href":"https:\/\/mnlr.ro\/en\/wp-json\/wp\/v2\/categories?post=10866"},{"taxonomy":"post_tag","embeddable":true,"href":"https:\/\/mnlr.ro\/en\/wp-json\/wp\/v2\/tags?post=10866"}],"curies":[{"name":"wp","href":"https:\/\/api.w.org\/{rel}","templated":true}]}}