{"id":10941,"date":"2019-12-23T10:10:55","date_gmt":"2019-12-23T08:10:55","guid":{"rendered":"https:\/\/mnlr.ro\/?p=10941"},"modified":"2019-12-23T10:10:55","modified_gmt":"2019-12-23T08:10:55","slug":"mnlr-va-ureaza-sarbatori-fericite","status":"publish","type":"post","link":"https:\/\/mnlr.ro\/en\/mnlr-va-ureaza-sarbatori-fericite\/","title":{"rendered":"MNLR v\u0103 ureaz\u0103 s\u0103rb\u0103tori fericite!"},"content":{"rendered":"<p>\u00cen perioada s\u0103rb\u0103torilor de iarn\u0103, Muzeul Na\u021bional al Literaturii Rom\u00e2ne va func\u021biona dup\u0103 urm\u0103torul program:<\/p>\n<p class=\"yiv0689197436null\"><em>Expozi\u021bia de baz\u0103,\u00a0Str. Nicolae Cre\u021bulescu 8<\/em><br \/>\n<em>Sediul MNLR din Calea Grivi\u021bei 64 &#8211; 66<\/em><br \/>\n<em>Memorial Houses<\/em><\/p>\n<p>\u00cen perioada 23 decembrie 2019 &#8211; 3 ianuarie 2020, <strong>Expozi\u021bia de baz\u0103 \u0219i Casele memoriale ale MNLR<\/strong>\u00a0vor fi deschise doar \u00een zilele de 28 \u0219i 29 decembrie 2019, iar <strong>Sediul MNLR din Calea Grivi\u021bei 64 &#8211; 66<\/strong>\u00a0\u00een 23 \u0219i 30 decembrie 2019.<\/p>\n<p>\u00cencep\u00e2nd cu data de 4 ianuarie, v\u0103 invit\u0103m s\u0103 vizita\u021bi spa\u021biile noastre expozi\u021bionale din Str. Nicolae Cre\u021bulescu 8 \u0219i Casele memoriale ale MNLR, iar din data de 6 ianuarie 2020 \u0219i sediul din Calea Grivi\u021bei 64-66.<\/p>","protected":false},"excerpt":{"rendered":"<p>\u00cen perioada s\u0103rb\u0103torilor de iarn\u0103, Muzeul Na\u021bional al Literaturii Rom\u00e2ne va func\u021biona dup\u0103 urm\u0103torul program: Expozi\u021bia de baz\u0103,\u00a0Str. Nicolae Cre\u021bulescu&#8230;<\/p>","protected":false},"author":8,"featured_media":10942,"comment_status":"closed","ping_status":"closed","sticky":false,"template":"","format":"standard","meta":{"_exactmetrics_skip_tracking":false,"_exactmetrics_sitenote_active":false,"_exactmetrics_sitenote_note":"","_exactmetrics_sitenote_category":0,"footnotes":""},"categories":[13,9,8],"tags":[],"class_list":["post-10941","post","type-post","status-publish","format-standard","has-post-thumbnail","hentry","category-anunturi","category-evenimente","category-recomandari"],"_links":{"self":[{"href":"https:\/\/mnlr.ro\/en\/wp-json\/wp\/v2\/posts\/10941","targetHints":{"allow":["GET"]}}],"collection":[{"href":"https:\/\/mnlr.ro\/en\/wp-json\/wp\/v2\/posts"}],"about":[{"href":"https:\/\/mnlr.ro\/en\/wp-json\/wp\/v2\/types\/post"}],"author":[{"embeddable":true,"href":"https:\/\/mnlr.ro\/en\/wp-json\/wp\/v2\/users\/8"}],"replies":[{"embeddable":true,"href":"https:\/\/mnlr.ro\/en\/wp-json\/wp\/v2\/comments?post=10941"}],"version-history":[{"count":1,"href":"https:\/\/mnlr.ro\/en\/wp-json\/wp\/v2\/posts\/10941\/revisions"}],"predecessor-version":[{"id":10943,"href":"https:\/\/mnlr.ro\/en\/wp-json\/wp\/v2\/posts\/10941\/revisions\/10943"}],"wp:featuredmedia":[{"embeddable":true,"href":"https:\/\/mnlr.ro\/en\/wp-json\/wp\/v2\/media\/10942"}],"wp:attachment":[{"href":"https:\/\/mnlr.ro\/en\/wp-json\/wp\/v2\/media?parent=10941"}],"wp:term":[{"taxonomy":"category","embeddable":true,"href":"https:\/\/mnlr.ro\/en\/wp-json\/wp\/v2\/categories?post=10941"},{"taxonomy":"post_tag","embeddable":true,"href":"https:\/\/mnlr.ro\/en\/wp-json\/wp\/v2\/tags?post=10941"}],"curies":[{"name":"wp","href":"https:\/\/api.w.org\/{rel}","templated":true}]}}