{"id":10972,"date":"2020-01-07T12:07:37","date_gmt":"2020-01-07T10:07:37","guid":{"rendered":"https:\/\/mnlr.ro\/?p=10972"},"modified":"2020-01-07T12:08:54","modified_gmt":"2020-01-07T10:08:54","slug":"atelierele-thomasinei-18-ianuarie-29-februarie-2020","status":"publish","type":"post","link":"https:\/\/mnlr.ro\/en\/atelierele-thomasinei-18-ianuarie-29-februarie-2020\/","title":{"rendered":"Atelierele Thomasinei | 18 ianuarie \u2013 29 februarie 2020"},"content":{"rendered":"<p><strong>Muzeul Na\u021bional al Literaturii Rom\u00e2ne (sediul expozi\u021bional din Strada Nicolae Cre\u021bulescu 8) inaugureaz\u0103, pe 18 ianuarie 2020, edi\u021bia de iarn\u0103 a Atelierelor Thomasinei.<\/strong><\/p>\n<p><strong>\u00a0<\/strong>\u00cent\u00e2lnirile vor \u00eencepe cu explorarea Casei cu literaturi \u00een c\u0103utarea unor obiecte \u0219i a unor pove\u0219ti (despre m\u0103\u0219ti, emo\u021bii, reverii, calendare \u0219i spa\u021bii de inspira\u021bie) \u0219i se vor finaliza cu un spectacol de imagini \u0219i un atelier de creativitate.<\/p>\n<p>Atelierele se adreseaz\u0103 copiilor cu v\u00e2rste \u00eentre 5 \u0219i 12 ani.<\/p>\n<p>Participarea se face pe baza rezerv\u0103rii la adresa:\u00a0<a href=\"mailto:programe@mnlr.ro\">programe@mnlr.ro<\/a>, cu subiectul #AteliereleThomasinei, sau la num\u0103rul de telefon 0748057192, precum \u0219i pe baza achit\u0103rii taxei de intrare \u00een valoare de 5 lei.<\/p>\n<p>Coordonator ateliere: Gabriela Toma<\/p>\n<p>&nbsp;<\/p>\n<p><em>Calendarul \u00eent\u00e2lnirilor:<\/em><\/p>\n<p>&nbsp;<\/p>\n<p><strong>18 ianuarie 2020<\/strong><\/p>\n<p>Povestea culorilor \u00een literatur\u0103 \u0219i art\u0103<\/p>\n<p>Haine croite din culori \u0219i emo\u021bii<\/p>\n<p>Elmer &amp; \u0219arpele-curcubeu | Atelier de creativitate<\/p>\n<p>&nbsp;<\/p>\n<p><strong>25 ianuarie 2020<\/strong><\/p>\n<p>Caietul de vise<\/p>\n<p>Reveriile \u00een literatur\u0103 \u0219i \u00een filme<\/p>\n<p>Prinz\u0103torul de vise | Atelier de creativitate<\/p>\n<p>&nbsp;<\/p>\n<p><strong>1 februarie 2020<\/strong><\/p>\n<p>Cartea de c\u0103l\u0103torie<\/p>\n<p>Scriitori rom\u00e2ni \u00een Egipt, Mexic \u0219i Siria<\/p>\n<p>H\u0103r\u021bile personajelor | Atelier de creativitate<\/p>\n<p>&nbsp;<\/p>\n<p><strong>8 februarie 2020<\/strong><\/p>\n<p>Povestea tigrilor care vin la ceai<\/p>\n<p>Ceremonia ceaiului<\/p>\n<p><em>Tea Time<\/em>\u00a0(joc de societate) | Degustare de ceai<\/p>\n<p>&nbsp;<\/p>\n<p><strong>15 februarie 2020<\/strong><\/p>\n<p>Spa\u021biul de inspira\u021bie \u00een literatur\u0103<\/p>\n<p>Harta creatoare | <em>brainstorming<\/em><\/p>\n<p><em>Dixit<\/em>\u00a0(joc de societate) cu referin\u021be din literatur\u0103<\/p>\n<p>&nbsp;<\/p>\n<p><strong>22 februarie 2020<\/strong><\/p>\n<p>Fragmente muzicale &amp; pove\u0219ti din America Latin\u0103<\/p>\n<p>Instrumente muzicale latino-americane<\/p>\n<p>Atelier de creativitate: <em>alebrijes<\/em><\/p>\n<p>&nbsp;<\/p>\n<p><strong>29 februarie 2020<\/strong><\/p>\n<p>Creionul-calendar<\/p>\n<p>Avionul cu pove\u0219ti despre nori, ceasuri \u0219i clepsidre<\/p>\n<p>Calendare | Atelier de creativitate<\/p>\n<p>&nbsp;<\/p>\n<p>V\u0103 a\u0219tept\u0103m cu drag!<\/p>\n<p>&nbsp;<\/p>","protected":false},"excerpt":{"rendered":"<p>Muzeul Na\u021bional al Literaturii Rom\u00e2ne (sediul expozi\u021bional din Strada Nicolae Cre\u021bulescu 8) inaugureaz\u0103, pe 18 ianuarie 2020, edi\u021bia de iarn\u0103&#8230;<\/p>","protected":false},"author":8,"featured_media":10973,"comment_status":"closed","ping_status":"closed","sticky":false,"template":"","format":"standard","meta":{"_exactmetrics_skip_tracking":false,"_exactmetrics_sitenote_active":false,"_exactmetrics_sitenote_note":"","_exactmetrics_sitenote_category":0,"footnotes":""},"categories":[33,32,9,34,8],"tags":[],"class_list":["post-10972","post","type-post","status-publish","format-standard","has-post-thumbnail","hentry","category-ateliere-pentru-copii","category-educatie-muzeala","category-evenimente","category-programul-scoala-altfel","category-recomandari"],"_links":{"self":[{"href":"https:\/\/mnlr.ro\/en\/wp-json\/wp\/v2\/posts\/10972","targetHints":{"allow":["GET"]}}],"collection":[{"href":"https:\/\/mnlr.ro\/en\/wp-json\/wp\/v2\/posts"}],"about":[{"href":"https:\/\/mnlr.ro\/en\/wp-json\/wp\/v2\/types\/post"}],"author":[{"embeddable":true,"href":"https:\/\/mnlr.ro\/en\/wp-json\/wp\/v2\/users\/8"}],"replies":[{"embeddable":true,"href":"https:\/\/mnlr.ro\/en\/wp-json\/wp\/v2\/comments?post=10972"}],"version-history":[{"count":2,"href":"https:\/\/mnlr.ro\/en\/wp-json\/wp\/v2\/posts\/10972\/revisions"}],"predecessor-version":[{"id":10975,"href":"https:\/\/mnlr.ro\/en\/wp-json\/wp\/v2\/posts\/10972\/revisions\/10975"}],"wp:featuredmedia":[{"embeddable":true,"href":"https:\/\/mnlr.ro\/en\/wp-json\/wp\/v2\/media\/10973"}],"wp:attachment":[{"href":"https:\/\/mnlr.ro\/en\/wp-json\/wp\/v2\/media?parent=10972"}],"wp:term":[{"taxonomy":"category","embeddable":true,"href":"https:\/\/mnlr.ro\/en\/wp-json\/wp\/v2\/categories?post=10972"},{"taxonomy":"post_tag","embeddable":true,"href":"https:\/\/mnlr.ro\/en\/wp-json\/wp\/v2\/tags?post=10972"}],"curies":[{"name":"wp","href":"https:\/\/api.w.org\/{rel}","templated":true}]}}