{"id":11007,"date":"2020-01-10T12:34:27","date_gmt":"2020-01-10T10:34:27","guid":{"rendered":"https:\/\/mnlr.ro\/?p=11007"},"modified":"2020-01-10T19:14:38","modified_gmt":"2020-01-10T17:14:38","slug":"bienala-de-carte-bibliofila-si-de-carte-obiect-editia-a-ii-a-2020","status":"publish","type":"post","link":"https:\/\/mnlr.ro\/en\/bienala-de-carte-bibliofila-si-de-carte-obiect-editia-a-ii-a-2020\/","title":{"rendered":"Bienala de Carte Bibliofil\u0103 \u0219i de Carte-Obiect &#8211; Edi\u021bia a II-a, 2020"},"content":{"rendered":"<p><em><strong>Bienala de<\/strong><\/em><strong> <em>Carte Bibliofil\u0103 \u0219i de Carte-Obiect<\/em><em>, proiect lansat de Muzeul Na\u021bional al Literaturii Rom\u00e2ne \u00een 2018, se va desf\u0103\u0219ura anul acesta, \u00een perioada 14 ianuarie &#8211; 18 februarie, la sediul din Calea Grivi\u021bei 64-66, Sala <\/em>\u201ePetru Cre\u021bia\u201d, unde vor fi expuse cele 20 de lucr\u0103ri ale premian\u021bilor edi\u021biei I. <\/strong><strong>Vernisajul va avea loc mar\u021bi, 14 ianuarie 2020, de la ora 18.00. Particip\u0103<\/strong><strong>: Ioan Cristescu &#8211; directorul MNLR, Pavel \u0218u\u0219ar\u0103 &#8211; critic de art\u0103, Mirela Tr\u0103istaru \u2013 curatorul expozi\u021biei.<\/strong><\/p>\n<p>&nbsp;<\/p>\n<p><em>Memoria cultural\u0103 s-a transformat \u00een rememorarea unei drame \u015fi imaginea butaforic\u0103 a C\u0103r\u0163ii s-a preschimbat \u00eentr-un cenotaf. Parc\u0103 anume spre a fractura <\/em><em>continuitatea noastr\u0103 simbolic\u0103 \u015fi a ne dizloca din istorie con\u015ftiin\u0163a de sine, for\u0163ele obscure din `89 au asasinat, literalmente, cele dou\u0103 repere majore ale oric\u0103rei existen\u0163e culturale<\/em><em>: <\/em><em>Muzeul \u015fi Biblioteca.\u00a0 Altfel spus, memoria figurativ\u0103 \u015fi memoria narativ\u0103. Dac\u0103 Muzeul a fost, \u00eentr-un t\u00e2rziu, recuperat, Biblioteca a murit asemenea str\u0103bunicii sale din Alexandria. \u015ei, \u00een acest context, multe dintre expozi\u0163iile consacrate \u00een ultimele decenii obiectualit\u0103\u0163ii C\u0103r\u0163ii au oferit imaginea grav\u0103 a ceremonialurilor comemorative. \u00cen discursul artistic s-au insinuat infoliul cernit, obiectul bituminos, fila r\u0103t\u0103cit\u0103 \u015fi textul masacrat. Jubila\u0163ia, jocul, <\/em><em>comentariul liber sau subtilele glose borgesiene, prezen\u0163e invariabile \u00een orice ac\u0163iune pe marginea C\u0103r\u0163ii-Obiect, au devenit, pentru o clip\u0103, at\u00e2t denun\u0163, strig\u0103t \u0219i avertisment, dar \u0219i expresie jubilatorie \u0219i form\u0103 concret\u0103 de reconstruc\u021bie a speran\u021bei. Iar aici, \u00een acest proces deopotriv\u0103 recuperator \u0219i proiectiv, Bienala de Carte Bibliofil\u0103 \u0219i de Carte-Obiect, organizat\u0103 de Muzeul Na\u021bional al Literaturii Rom\u00e2ne, a devenit deja, \u00eenc\u0103 de la prima sa edi\u021bie, un reper indiscutabil.<\/em> \u2013 <strong>Pavel \u0218u\u0219ar\u0103, critic de art\u0103<\/strong><\/p>\n<p>&nbsp;<\/p>\n<p>Echipa MNLR:<\/p>\n<p>Ioan Cristescu, directorul MNLR<br \/>\nIlinca Cristurean<br \/>\nAlina Niculescu<\/p>\n<p>Curator: Mirela Tr\u0103istaru<br \/>\nCopert\u0103 catalog \u0219i concep\u021bie grafic\u0103: Dalina B\u0103descu<\/p>\n<p>&nbsp;<\/p>\n<p>Expozi\u021bia va fi deschis\u0103 de luni p\u00e2n\u0103 vineri, \u00een intervalul orar 10.00-18.00.<\/p>","protected":false},"excerpt":{"rendered":"<p>Bienala de Carte Bibliofil\u0103 \u0219i de Carte-Obiect, proiect lansat de Muzeul Na\u021bional al Literaturii Rom\u00e2ne \u00een 2018, se va desf\u0103\u0219ura&#8230;<\/p>","protected":false},"author":8,"featured_media":11015,"comment_status":"closed","ping_status":"closed","sticky":false,"template":"","format":"standard","meta":{"_exactmetrics_skip_tracking":false,"_exactmetrics_sitenote_active":false,"_exactmetrics_sitenote_note":"","_exactmetrics_sitenote_category":0,"footnotes":""},"categories":[9,36,8],"tags":[],"class_list":["post-11007","post","type-post","status-publish","format-standard","has-post-thumbnail","hentry","category-evenimente","category-expozitii","category-recomandari"],"_links":{"self":[{"href":"https:\/\/mnlr.ro\/en\/wp-json\/wp\/v2\/posts\/11007","targetHints":{"allow":["GET"]}}],"collection":[{"href":"https:\/\/mnlr.ro\/en\/wp-json\/wp\/v2\/posts"}],"about":[{"href":"https:\/\/mnlr.ro\/en\/wp-json\/wp\/v2\/types\/post"}],"author":[{"embeddable":true,"href":"https:\/\/mnlr.ro\/en\/wp-json\/wp\/v2\/users\/8"}],"replies":[{"embeddable":true,"href":"https:\/\/mnlr.ro\/en\/wp-json\/wp\/v2\/comments?post=11007"}],"version-history":[{"count":6,"href":"https:\/\/mnlr.ro\/en\/wp-json\/wp\/v2\/posts\/11007\/revisions"}],"predecessor-version":[{"id":11042,"href":"https:\/\/mnlr.ro\/en\/wp-json\/wp\/v2\/posts\/11007\/revisions\/11042"}],"wp:featuredmedia":[{"embeddable":true,"href":"https:\/\/mnlr.ro\/en\/wp-json\/wp\/v2\/media\/11015"}],"wp:attachment":[{"href":"https:\/\/mnlr.ro\/en\/wp-json\/wp\/v2\/media?parent=11007"}],"wp:term":[{"taxonomy":"category","embeddable":true,"href":"https:\/\/mnlr.ro\/en\/wp-json\/wp\/v2\/categories?post=11007"},{"taxonomy":"post_tag","embeddable":true,"href":"https:\/\/mnlr.ro\/en\/wp-json\/wp\/v2\/tags?post=11007"}],"curies":[{"name":"wp","href":"https:\/\/api.w.org\/{rel}","templated":true}]}}