{"id":11091,"date":"2020-01-21T14:58:53","date_gmt":"2020-01-21T12:58:53","guid":{"rendered":"https:\/\/mnlr.ro\/?p=11091"},"modified":"2020-01-29T13:20:07","modified_gmt":"2020-01-29T11:20:07","slug":"2020-la-start-aniversari-si-memento-1989-la-cafeneaua-critica","status":"publish","type":"post","link":"https:\/\/mnlr.ro\/en\/2020-la-start-aniversari-si-memento-1989-la-cafeneaua-critica\/","title":{"rendered":"2020 la start: anivers\u0103ri \u015fi memento 1989 | Cafeneaua critic\u0103!"},"content":{"rendered":"<p><strong>(MNLR, joi 23 ianuarie 2020)<\/strong><\/p>\n<p>Prim\u0103 edi\u0163ie a <strong>Cafenelei critice<\/strong> \u00een 2020, dup\u0103 vacan\u0163a de iarn\u0103! Cu 3 subiecte:<\/p>\n<p>O s\u0103rb\u0103torim \u015fi \u00een acest an pe marea poet\u0103 Nora Iuga, n\u0103scut\u0103 pe 4 ianuarie 1931, deci ajuns\u0103 la 89 de ani: avanpremier\u0103 a celei de-a 90-a anivers\u0103ri, din 2021!<\/p>\n<p>\u015ei prezent\u0103m c\u00e2teva \u201egesturi\u201d artistice care au marcat \u00een decembrie \u00eemplinirea a 30 de ani de la Revolu\u0163ia din 1989. Mai \u00eent\u00e2i, proiectul colectiv <strong>Gest pentru eroi<\/strong>, realizat de graficiana Anca Boeriu, \u00een colaborare cu \u015etefana M\u0103rmureanu: o proiec\u0163ie video \u00een 5 puncte din centrul Capitalei, la ARCUB, Muzeul Na\u0163ional Cotroceni, Teatrul Na\u0163ional, Muzeul Na\u0163ional al Literaturii Rom\u00e2ne \u015fi Galeria Galateca de la parterul Bibliotecii Centrale Universitare, \u00een zilele de dinaintea lui 22 decembrie 2019, pe ecrane-plasme pe care au rulat continuu imagini cu care 154 de arti\u015fti au r\u0103spuns apelului de a omagia victimele revolu\u0163iei.<\/p>\n<p>Apoi, proiectul personal al Anc\u0103i Boeriu,<strong> P\u0103\u015fesc cu grij\u0103<\/strong>, realizat \u00een aer liber, l\u00e2ng\u0103 intrarea la Sala Studio a Teatrului Na\u0163ional din Bucure\u015fti: siluete de victime culcate la p\u0103m\u00e2nt.<\/p>\n<p>\u015ei rememorarea sonor\u0103, intitulat\u0103 <strong>e-Vocare<\/strong>, a muzicianului \u015fi artistului multimedia Mircea Florian: mixaj de voci, r\u0103p\u0103ituri de gloan\u0163e, alte sunete din timpul revolu\u0163iei \u015fi fundaluri electronice, interven\u0163ii melodice pentru reconstituirea \u015fi \u201ee-Vocarea\u201d atmosferei de acum 3 decenii.<\/p>\n<p>Va fi \u015fi un prilej de aniversare \u2013 de fapt \u2013 tripl\u0103, c\u0103ci, Mircea Florian a \u00eemplinit de cur\u00e2nd, pe 5 decembrie 2019, incredibila v\u00e2rst\u0103 \u201erotund\u0103\u201d de 70 de ani, iar <strong>Cafeneaua critic\u0103<\/strong> e programat\u0103 la 2 zile dup\u0103 data de na\u015ftere a \u201ejunioarei\u201d serii, Anca Boeriu!<\/p>\n<p>Particip\u0103: Nora Iuga, Anca Boeriu, Mircea Florian, colaboratorul s\u0103u, artistul plastic \u015fi muzicianul Drago\u015f Andriana \u015fi al\u0163i colaboratori la respectivele proiecte.<\/p>\n<p>Amfitrion: Ion Bogdan Lefter.<\/p>\n<p><strong>Cafeneaua critic\u0103<\/strong> este un proiect de dezbateri culturale pe teme de actualitate. Prima serie s-a desf\u0103\u015furat \u00een anii 1994-1998 \u00een Cafeneaua Facult\u0103\u0163ii de Litere a Universit\u0103\u0163ii din Bucure\u015fti. Seria a doua a debutat \u00een noiembrie 2008 la Clubul TSC \u015fi a continuat la Clubul A, la Club Control, din nou la Club A, la POINT \u015fi la Muzeul Na\u0163ional al Literaturii Rom\u00e2ne \u2013 MNLR. De asemenea, <strong>Cafeneaua critic\u0103<\/strong> organizeaz\u0103 \u015fi edi\u0163ii \u201e\u00een deplasare\u201d, \u00een mijlocul evenimentelor culturale, pe care le dezbate.<\/p>\n<p>*<\/p>\n<p><strong>Cafeneaua critic\u0103<br \/>\n<\/strong><strong>joi 23 ianuarie 2020, orele 19.00-21.30<br \/>\n<\/strong><strong>Muzeul Na\u0163ional al Literaturii Rom\u00e2ne din Bucure\u015fti \u2013 <em>MNLR<br \/>\n<\/em><\/strong><strong>Str. Nicolae Cre\u0163ulescu nr. 8 (\u00een spatele Bisericii Albe de pe Calea Victoriei \u015fi \u00een spatele UNITER)<br \/>\n<\/strong><strong>Contact: 0731-00.30.22 (Andreea Dr\u0103ghicescu\/ MNLR); 0737-210.978 (Paul Radu\/ Cafeneaua critic\u0103)<\/strong><\/p>\n<p>________________<\/p>\n<p>* Invita\u0163ii \u201estagiunii\u201d 2019-2020 \u015fi participan\u0163ii la discu\u0163ii: Bogdan Ghiu, Cristina Popescu Russu, Nicolae Prelipceanu \u015fi, prin mesaje video, Mihai M\u0103niu\u0163iu \u015fi Ovidiu \u015eandor (despre actualitatea cultural\u0103 a toamnei 2019) (edi\u0163ia a 252-a); Ion Cocora, Ioan Cristescu, Doina Papp, Ludmila Patlanjoglu, Cristina Rusiecki \u015fi Mircea Anghelescu, Iulian B\u0103icu\u015f, Valentin Petculescu, Vasile Tolan (despre dramaturgia rom\u00e2neasc\u0103 de Ziua ei) (edi\u0163ia a 253-a); Nora Iuga, Tiberiu Almosnino, Nicolae Prelipceanu (evocare George Almosnino) (edi\u0163ia a 254-a); Liviu Franga \u015fi Theodor Georgescu, Tudor Dinu, Anabella Niculescu-Gorpin, Valentin Ajder (De la Aristofan la rescrierea teatral\u0103) (edi\u0163ia a 255-a); Dana \u015fi Stephane Maitec, Irina Ungureanu \u015fi Iulian B\u0103icu\u015f, Magda C\u00e2rneci, Matei St\u00eercea-Cr\u0103ciun, Rodica Petre (despre expozi\u0163ia Maitec de la MNAR) (edi\u0163ia a 256-a); Mircea C\u0103rt\u0103rescu \u015fi Iulian B\u0103icu\u015f, Andrei D\u00eerl\u0103u, Anca Dumitrescu, Radu Petrescu-Muscel (edi\u0163ia a 257-a); <em>Gabriel Andreescu, Andrei Ursu \u015fi Mircea Anghelescu, Iulian B\u0103icu\u015f, Radu Filipescu, Bogdan Murgescu, Mircea Regneal\u0103 (<\/em>despre Revolu\u0163ia din 1989<em>) <\/em>(edi\u0163ia a 258-a).<\/p>","protected":false},"excerpt":{"rendered":"<p>(MNLR, joi 23 ianuarie 2020) Prim\u0103 edi\u0163ie a Cafenelei critice \u00een 2020, dup\u0103 vacan\u0163a de iarn\u0103! Cu 3 subiecte: O&#8230;<\/p>","protected":false},"author":8,"featured_media":11092,"comment_status":"closed","ping_status":"closed","sticky":false,"template":"","format":"standard","meta":{"_exactmetrics_skip_tracking":false,"_exactmetrics_sitenote_active":false,"_exactmetrics_sitenote_note":"","_exactmetrics_sitenote_category":0,"footnotes":""},"categories":[25],"tags":[],"class_list":["post-11091","post","type-post","status-publish","format-standard","has-post-thumbnail","hentry","category-cluburi-si-cenacluri-literare"],"_links":{"self":[{"href":"https:\/\/mnlr.ro\/en\/wp-json\/wp\/v2\/posts\/11091","targetHints":{"allow":["GET"]}}],"collection":[{"href":"https:\/\/mnlr.ro\/en\/wp-json\/wp\/v2\/posts"}],"about":[{"href":"https:\/\/mnlr.ro\/en\/wp-json\/wp\/v2\/types\/post"}],"author":[{"embeddable":true,"href":"https:\/\/mnlr.ro\/en\/wp-json\/wp\/v2\/users\/8"}],"replies":[{"embeddable":true,"href":"https:\/\/mnlr.ro\/en\/wp-json\/wp\/v2\/comments?post=11091"}],"version-history":[{"count":6,"href":"https:\/\/mnlr.ro\/en\/wp-json\/wp\/v2\/posts\/11091\/revisions"}],"predecessor-version":[{"id":11098,"href":"https:\/\/mnlr.ro\/en\/wp-json\/wp\/v2\/posts\/11091\/revisions\/11098"}],"wp:featuredmedia":[{"embeddable":true,"href":"https:\/\/mnlr.ro\/en\/wp-json\/wp\/v2\/media\/11092"}],"wp:attachment":[{"href":"https:\/\/mnlr.ro\/en\/wp-json\/wp\/v2\/media?parent=11091"}],"wp:term":[{"taxonomy":"category","embeddable":true,"href":"https:\/\/mnlr.ro\/en\/wp-json\/wp\/v2\/categories?post=11091"},{"taxonomy":"post_tag","embeddable":true,"href":"https:\/\/mnlr.ro\/en\/wp-json\/wp\/v2\/tags?post=11091"}],"curies":[{"name":"wp","href":"https:\/\/api.w.org\/{rel}","templated":true}]}}