{"id":11245,"date":"2020-02-12T11:22:17","date_gmt":"2020-02-12T09:22:17","guid":{"rendered":"https:\/\/mnlr.ro\/?p=11245"},"modified":"2020-02-19T15:02:24","modified_gmt":"2020-02-19T13:02:24","slug":"finisajul-expozitiei-carte-obiect-si-desene-ion-stendl","status":"publish","type":"post","link":"https:\/\/mnlr.ro\/en\/finisajul-expozitiei-carte-obiect-si-desene-ion-stendl\/","title":{"rendered":"FINISAJUL EXPOZI\u021aIEI | \u201e CARTE OBIECT \u0218I DESENE \u2013 ION STENDL \u201d"},"content":{"rendered":"<p><strong>Muzeul Na\u021bional al Literaturii Rom\u00e2ne v\u0103 invit\u0103 mar\u021bi, 18 februarie 2020, de la ora 13.00, la finisajul expozi\u021biei \u201eCarte Obiect \u0219i Desene\u201d a profesorului universitar dr. Ion STENDL. \u00cen deschiderea evenimentului, care va avea loc \u00een Sala \u201eIosif Naghiu\u201d (Calea Grivi\u021bei 64-66), vor lua cuv\u00e2ntul Prof. univ. dr. Mircea Martin \u2013 membru corespondent al Academiei Rom\u00e2ne, Prof. univ. dr. Ion Stendl \u0219i Conf. univ. dr. Ioan Cristescu, director al Muzeului Na\u021bional al Literaturii Rom\u00e2ne.<\/strong><\/p>\n<p>Finisajul expozi\u021biei coincide cu ziua de na\u0219tere a artistului, care s-a n\u0103scut pe data de 8 februarie 1939, la Re\u0219i\u021ba. \u00a0Este pictor \u0219i gravor, profesor universitar la Universitatea Na\u021bional\u0103 de Arte Bucure\u0219ti, doctor \u00een Arte Vizuale cu o lucrare despre \u201eEstetica, materialele \u0219i suporturile desenului, o paralel\u0103 \u00eentre Rena\u0219tere \u0219i secolul XX\u201d\u00a0\u00a0\u0219i personalitate de prim rang a artei plastice rom\u00e2ne\u0219ti.<br \/>\n\u00centre 1957-1963 studiaz\u0103 la Institutul de Arte Plastice\u00a0\u201eNicolae Grigorescu\u201d din Bucure\u0219ti, Facultatea de Arte Decorative, sec\u021bia Pictur\u0103 Monumental\u0103, av\u00e2ndu-i ca profesori pe Ion Popescu-Negreni, \u0218tefan Constantinescu \u0219i Gheorghe Popescu. Dup\u0103 absolvirea studiilor este repartizat preparator la Catedra de Pictur\u0103 Monumental\u0103, iar \u00een 1966 devine asistent, apoi, \u00een 1973, lector, iar din 1990 este numit profesor la Catedra de Art\u0103 Mural\u0103, la Academia de Art\u0103 din Bucure\u0219ti. Din acest an particip\u0103 la majoritatea expozi\u021biilor na\u021bionale de art\u0103 rom\u00e2neasc\u0103. \u00cen perioada 1971-1972 burs\u0103 DAAD la Academia de Stat din D\u00fcsseldorf, la profesor Rolf Sackenheim. Din 1993, anual, profesor invitat la Academia Interna\u021bional\u0103 de var\u0103 din Beratzhausen \u2013 Bavaria. Din anul 2005 este conduc\u0103tor de doctorat la Universitatea Na\u021bional\u0103 de Arte din Bucure\u0219ti.<\/p>\n<p>A organizat \u0219i a participat la zeci de expozi\u021bii \u00een \u021bar\u0103 \u0219i \u00een str\u0103in\u0103tate \u2013 Tokyo, Buenos Aires, Barcelona, Vene\u021bia, Milano, New York, Berlin, Chicago, Ankara, Leipzig.<\/p>\n<p>&nbsp;<\/p>\n<p>&nbsp;<\/p>","protected":false},"excerpt":{"rendered":"<p>Muzeul Na\u021bional al Literaturii Rom\u00e2ne v\u0103 invit\u0103 mar\u021bi, 18 februarie 2020, de la ora 13.00, la finisajul expozi\u021biei \u201eCarte Obiect&#8230;<\/p>","protected":false},"author":8,"featured_media":11246,"comment_status":"closed","ping_status":"closed","sticky":false,"template":"","format":"standard","meta":{"_exactmetrics_skip_tracking":false,"_exactmetrics_sitenote_active":false,"_exactmetrics_sitenote_note":"","_exactmetrics_sitenote_category":0,"footnotes":""},"categories":[9,36,8],"tags":[],"class_list":["post-11245","post","type-post","status-publish","format-standard","has-post-thumbnail","hentry","category-evenimente","category-expozitii","category-recomandari"],"_links":{"self":[{"href":"https:\/\/mnlr.ro\/en\/wp-json\/wp\/v2\/posts\/11245","targetHints":{"allow":["GET"]}}],"collection":[{"href":"https:\/\/mnlr.ro\/en\/wp-json\/wp\/v2\/posts"}],"about":[{"href":"https:\/\/mnlr.ro\/en\/wp-json\/wp\/v2\/types\/post"}],"author":[{"embeddable":true,"href":"https:\/\/mnlr.ro\/en\/wp-json\/wp\/v2\/users\/8"}],"replies":[{"embeddable":true,"href":"https:\/\/mnlr.ro\/en\/wp-json\/wp\/v2\/comments?post=11245"}],"version-history":[{"count":6,"href":"https:\/\/mnlr.ro\/en\/wp-json\/wp\/v2\/posts\/11245\/revisions"}],"predecessor-version":[{"id":11271,"href":"https:\/\/mnlr.ro\/en\/wp-json\/wp\/v2\/posts\/11245\/revisions\/11271"}],"wp:featuredmedia":[{"embeddable":true,"href":"https:\/\/mnlr.ro\/en\/wp-json\/wp\/v2\/media\/11246"}],"wp:attachment":[{"href":"https:\/\/mnlr.ro\/en\/wp-json\/wp\/v2\/media?parent=11245"}],"wp:term":[{"taxonomy":"category","embeddable":true,"href":"https:\/\/mnlr.ro\/en\/wp-json\/wp\/v2\/categories?post=11245"},{"taxonomy":"post_tag","embeddable":true,"href":"https:\/\/mnlr.ro\/en\/wp-json\/wp\/v2\/tags?post=11245"}],"curies":[{"name":"wp","href":"https:\/\/api.w.org\/{rel}","templated":true}]}}