{"id":11317,"date":"2020-02-18T09:46:02","date_gmt":"2020-02-18T07:46:02","guid":{"rendered":"https:\/\/mnlr.ro\/?p=11317"},"modified":"2020-02-26T12:21:18","modified_gmt":"2020-02-26T10:21:18","slug":"concert-nicolae-voiculet-daruiesc-sunetul-iubirii","status":"publish","type":"post","link":"https:\/\/mnlr.ro\/en\/concert-nicolae-voiculet-daruiesc-sunetul-iubirii\/","title":{"rendered":"Concert Nicolae Voicule\u021b | \u201eD\u0103ruiesc sunetul iubirii\u201d"},"content":{"rendered":"<p><strong>Muzeul Na\u021bional al Literaturii Rom\u00e2ne v\u0103 invit\u0103 la un concert de Dragobete numit \u201eD\u0103ruiesc sunetul iubirii\u201d, sus\u021binut de naistul Nicolae Voicule\u021b, luni, 24 februarie 2020, de la ora 18.00, \u00een Sala Perpessicius din Strada Nicolae Cre\u021bulescu nr. 8.<\/strong><\/p>\n<p><strong>\u201eDragobetele\u201d<\/strong> este una dintre s\u0103rb\u0103torile populare rom\u00e2ne\u0219ti legate de rena\u015fterea naturii dup\u0103 vegetarea din iarn\u0103, a \u00eemperecherii p\u0103s\u0103rilor, considerate mesagere ale zeilor. S\u0103rb\u0103torirea Dragobetelui era, \u00een general, pe 24 februarie sau, dup\u0103 Romulus Vulc\u0103nescu, pe 3 martie, dat\u0103 la care zbur\u0103toarele \u00eencepeau s\u0103 se \u00eemperecheze, s\u0103-\u015fi fac\u0103 cuib. \u00cen alte zone ale \u0163\u0103rii datele celebr\u0103rii variaz\u0103 \u00eentre 24 \u015fi 28 ale lui F\u0103urar (februarie) sau 1 \u015fi 25 M\u0103r\u0163i\u015for (martie). Tradi\u0163ia popular\u0103 plaseaz\u0103 cel mai adesea aceast\u0103 s\u0103rb\u0103toare la 24 februarie, care este \u00een calendarul ortodox data pr\u0103znuirii Afl\u0103rii Capului Merg\u0103torului \u00cenainte \u015fi Botez\u0103torului Ioan. Momentul mai era numit prin diferite zone \u201eCap de Prim\u0103var\u0103\u201d ori \u201eLogodnicul p\u0103s\u0103rilor\u201d. De la simbolica s\u0103rb\u0103toare a logodnei p\u0103s\u0103rilor cerului, animalelor de tot felul, simbolica logodn\u0103 s-a extins \u015fi spre fiin\u0163ele umane, devenind Ziua \u00cendr\u0103gosti\u0163ilor, a iubirii.<\/p>\n<p><strong>Nicolae Voicule\u021b<\/strong> este unul dintre demnii ap\u0103r\u0103tori \u015fi continuatori ai valorilor autentice, dedic\u00e2ndu-se unui instrument complex cu sonorit\u0103\u0163i divine precum naiul. Majoritatea proiectelor sale promoveaz\u0103 identitatea rom\u00e2neasc\u0103 \u0219i redescoperirea valorilor na\u021bionale. Artistul a v\u0103zut lumina zilei la Sinaia, \u00eentr-o zi de iarn\u0103 \u0219i a urcat pe scen\u0103 \u00eenc\u0103 de la v\u00e2rsta de 5 ani, c\u00e2nt\u00e2nd al\u0103turi de orchestre mari ale vremii. A continuat prin a participa la cele mai prestigioase festivaluri de crea\u0163ie, ob\u0163in\u00e2nd de fiecare dat\u0103 locul I, at\u00e2t pentru maniera interpret\u0103rii vocale, c\u00e2t \u015fi pentru cea dirijoral\u0103. A urmat cursurile Liceului de Muzic\u0103 \u201eGeorge Enescu\u201d \u015fi a fost introdus de c\u0103tre profesori \u00een studiul pianului, \u00eens\u0103 de la 12 ani tat\u0103l s\u0103u l-a \u00eendrumat \u00een deslu\u015firea tainelor \u015fi esen\u0163ei marii muzici \u015fi a naiului. \u00cenc\u0103 de la primul contact cu naiul, artistul s-a contopit \u00een sunetul duios al instrumentului \u015fi a con\u015ftientizat c\u0103 menirea sa din acel moment este aceea de a-i ocroti sunetul ca pe propria fiin\u0163\u0103.<\/p>\n<p>Nicolae Voicule\u0163 a f\u0103cut cunoscut\u0103 tradi\u0163ia poporului s\u0103u prin sunet \u00een peste o sut\u0103 de concerte, \u00een diverse col\u0163uri ale lumii. A colaborat cu Orchestra Filarmonic\u0103 din Viena, Stockholm, Praga, a avut evolu\u0163ii artistice \u00een lumea arab\u0103, dar \u015fi \u00een Japonia, America de Nord \u015fi America de Sud. A urcat pe scene de mare prestigiu artistic din Cehia, Fran\u0163a, Austria, Ungaria, Turcia, SUA, Canada, Germania, Japonia, India, Spania \u015fi Italia al\u0103turi de mari muzicieni ai lumii. Nicolae Voicule\u021b reu\u0219e\u0219te la fiecare apari\u021bie pe scen\u0103 s\u0103 eviden\u0163ieze puterea f\u0103r\u0103 seam\u0103n a folclorului \u015fi a autenticit\u0103\u0163ii rom\u00e2ne\u015fti.<\/p>\n<p>Intrarea este liber\u0103, \u00een limita locurilor disponibile.<\/p>\n<p>V\u0103 a\u0219tept\u0103m cu drag!<\/p>","protected":false},"excerpt":{"rendered":"<p>Muzeul Na\u021bional al Literaturii Rom\u00e2ne v\u0103 invit\u0103 la un concert de Dragobete numit \u201eD\u0103ruiesc sunetul iubirii\u201d, sus\u021binut de naistul Nicolae&#8230;<\/p>","protected":false},"author":8,"featured_media":11318,"comment_status":"closed","ping_status":"closed","sticky":false,"template":"","format":"standard","meta":{"_exactmetrics_skip_tracking":false,"_exactmetrics_sitenote_active":false,"_exactmetrics_sitenote_note":"","_exactmetrics_sitenote_category":0,"footnotes":""},"categories":[27],"tags":[],"class_list":["post-11317","post","type-post","status-publish","format-standard","has-post-thumbnail","hentry","category-concerte-de-muzica"],"_links":{"self":[{"href":"https:\/\/mnlr.ro\/en\/wp-json\/wp\/v2\/posts\/11317","targetHints":{"allow":["GET"]}}],"collection":[{"href":"https:\/\/mnlr.ro\/en\/wp-json\/wp\/v2\/posts"}],"about":[{"href":"https:\/\/mnlr.ro\/en\/wp-json\/wp\/v2\/types\/post"}],"author":[{"embeddable":true,"href":"https:\/\/mnlr.ro\/en\/wp-json\/wp\/v2\/users\/8"}],"replies":[{"embeddable":true,"href":"https:\/\/mnlr.ro\/en\/wp-json\/wp\/v2\/comments?post=11317"}],"version-history":[{"count":3,"href":"https:\/\/mnlr.ro\/en\/wp-json\/wp\/v2\/posts\/11317\/revisions"}],"predecessor-version":[{"id":11321,"href":"https:\/\/mnlr.ro\/en\/wp-json\/wp\/v2\/posts\/11317\/revisions\/11321"}],"wp:featuredmedia":[{"embeddable":true,"href":"https:\/\/mnlr.ro\/en\/wp-json\/wp\/v2\/media\/11318"}],"wp:attachment":[{"href":"https:\/\/mnlr.ro\/en\/wp-json\/wp\/v2\/media?parent=11317"}],"wp:term":[{"taxonomy":"category","embeddable":true,"href":"https:\/\/mnlr.ro\/en\/wp-json\/wp\/v2\/categories?post=11317"},{"taxonomy":"post_tag","embeddable":true,"href":"https:\/\/mnlr.ro\/en\/wp-json\/wp\/v2\/tags?post=11317"}],"curies":[{"name":"wp","href":"https:\/\/api.w.org\/{rel}","templated":true}]}}