{"id":1147,"date":"2017-07-22T14:20:18","date_gmt":"2017-07-22T11:20:18","guid":{"rendered":"http:\/\/mnlr.ro\/?p=1147"},"modified":"2017-07-22T14:20:18","modified_gmt":"2017-07-22T11:20:18","slug":"concert-zoia-alecu-gradina-la-muzeu","status":"publish","type":"post","link":"https:\/\/mnlr.ro\/en\/concert-zoia-alecu-gradina-la-muzeu\/","title":{"rendered":"Concert: Zoia Alecu \u00een gr\u0103din\u0103 la Muzeu"},"content":{"rendered":"<p><strong>Joi, 27 iulie 2017, de la ora 20.00, v\u0103 invit\u0103m la un doilea concert de folk din aceast\u0103 s\u0103pt\u0103m\u00e2n\u0103, de data aceasta, sus\u0163inut de Zoia Alecu, \u00een aceea\u0219i gr\u0103din\u0103 a MNLR din Strada Nicolae Cre\u021bulescu 8.<\/strong><\/p>\n<p><strong>ZOIA ALECU<\/strong> s-a lansat \u00een 1973, \u201ena\u015f\u201d fiindu-i Doru St\u0103nculescu. Dup\u0103 o carier\u0103 solo, a luat decizia s\u0103 c\u00e2nte al\u0103turi de <em>Sfinx Experience<\/em> \u015fi s\u0103 colinde lumea al\u0103turi de ei. Este una dintre artistele care \u00eentotdeauna au luat atitudine atunci c\u00e2nd trebuia. Zoia Alecu a luat via\u0163a de la zero de trei ori. Prima oar\u0103 c\u00e2nd s-a apucat de c\u00e2ntat, a doua c\u00e2nd a plecat cu <em>Sfinx Experience<\/em> \u015fi a treia oar\u0103 c\u00e2nd s-a \u00eentors \u00een folk, \u00een 2007, c\u00e2nd a lansat \u015fi primul ei album de autor, pentru c\u0103 abia atunci a g\u0103sit timp pentru proiectele personale.<\/p>","protected":false},"excerpt":{"rendered":"<p>Joi, 27 iulie 2017, de la ora 20.00, v\u0103 invit\u0103m la un doilea concert de folk din aceast\u0103 s\u0103pt\u0103m\u00e2n\u0103, de&#8230;<\/p>","protected":false},"author":1,"featured_media":1148,"comment_status":"closed","ping_status":"closed","sticky":false,"template":"","format":"standard","meta":{"_exactmetrics_skip_tracking":false,"_exactmetrics_sitenote_active":false,"_exactmetrics_sitenote_note":"","_exactmetrics_sitenote_category":0,"footnotes":""},"categories":[9],"tags":[],"class_list":["post-1147","post","type-post","status-publish","format-standard","has-post-thumbnail","hentry","category-evenimente"],"_links":{"self":[{"href":"https:\/\/mnlr.ro\/en\/wp-json\/wp\/v2\/posts\/1147","targetHints":{"allow":["GET"]}}],"collection":[{"href":"https:\/\/mnlr.ro\/en\/wp-json\/wp\/v2\/posts"}],"about":[{"href":"https:\/\/mnlr.ro\/en\/wp-json\/wp\/v2\/types\/post"}],"author":[{"embeddable":true,"href":"https:\/\/mnlr.ro\/en\/wp-json\/wp\/v2\/users\/1"}],"replies":[{"embeddable":true,"href":"https:\/\/mnlr.ro\/en\/wp-json\/wp\/v2\/comments?post=1147"}],"version-history":[{"count":1,"href":"https:\/\/mnlr.ro\/en\/wp-json\/wp\/v2\/posts\/1147\/revisions"}],"predecessor-version":[{"id":1149,"href":"https:\/\/mnlr.ro\/en\/wp-json\/wp\/v2\/posts\/1147\/revisions\/1149"}],"wp:featuredmedia":[{"embeddable":true,"href":"https:\/\/mnlr.ro\/en\/wp-json\/wp\/v2\/media\/1148"}],"wp:attachment":[{"href":"https:\/\/mnlr.ro\/en\/wp-json\/wp\/v2\/media?parent=1147"}],"wp:term":[{"taxonomy":"category","embeddable":true,"href":"https:\/\/mnlr.ro\/en\/wp-json\/wp\/v2\/categories?post=1147"},{"taxonomy":"post_tag","embeddable":true,"href":"https:\/\/mnlr.ro\/en\/wp-json\/wp\/v2\/tags?post=1147"}],"curies":[{"name":"wp","href":"https:\/\/api.w.org\/{rel}","templated":true}]}}