{"id":1151,"date":"2017-07-22T14:22:12","date_gmt":"2017-07-22T11:22:12","guid":{"rendered":"http:\/\/mnlr.ro\/?p=1151"},"modified":"2017-07-22T14:26:23","modified_gmt":"2017-07-22T11:26:23","slug":"ioana-diaconescu-vine-la-scriitori-contemporani-la-muzeu","status":"publish","type":"post","link":"https:\/\/mnlr.ro\/en\/ioana-diaconescu-vine-la-scriitori-contemporani-la-muzeu\/","title":{"rendered":"Ioana Diaconescu vine la \u201eScriitori contemporani la muzeu\u201d"},"content":{"rendered":"<p><strong>Muzeul Na\u021bional al Literaturii Rom\u00e2ne continu\u0103 seria <em>Scriitori contemporani la muzeu<\/em>, inaugurat\u0103 la \u00eenceputul lunii mai, cu cea de-a 13-a \u00eent\u00e2lnire: <em>Ioana Diaconescu \u2013 Muzeograf de o zi<\/em>. S\u00e2mb\u0103t\u0103, 29\u00a0iulie, timp de 4 ore, \u00een intervalul orar 13.00 \u2013 17.00, Ioana Diaconescu devine muzeograful expozi\u021biei de baz\u0103 din Strada Nicolae Cre\u021bulescu nr. 8.\u00a0<\/strong><\/p>\n<p>Programul \u00ee\u0219i propune s\u0103 atrag\u0103 un num\u0103r c\u00e2t mai mare de vizitatori, care s\u0103pt\u0103m\u00e2nal, timp de patru ore, intr\u0103 \u00eentr-un dialog cultural \u0219i literar cu scriitorii invita\u021bi, despre scrierile acestora, dar \u0219i despre scrierile autorilor prezen\u021bi \u00een expozi\u021bia de baz\u0103 a MNLR, particip\u0103 la o lectur\u0103 public\u0103 din opera scriitorilor invita\u021bi \u0219i citesc din manuscrisele d\u0103ruite muzeului de scriitorii lor prefera\u021bi, deveni\u021bi gazdele acestui spa\u021biu inedit.<\/p>\n<p><strong>IOANA DIACONESCU<\/strong> este poet\u0103, traduc\u0103toare, cercet\u0103toare de istorie recent\u0103 \u015fi jurnalist\u0103. A fost redactor la Uniunea Scriitorilor, realizator la Radio Rom\u00e2nia Cultural al emisiunilor <em>Poezie rom\u00e2neasc\u0103<\/em> \u015fi <em>Curs \u00eentreg de\u00a0poezie rom\u00e2neasc\u0103<\/em>, consilier \u015fi cercet\u0103tor la Consiliului Na\u021bional pentru Studierea Arhivelor Securit\u0103\u021bii. Se implic\u0103, din anul 2000, \u00een cercetarea \u0219i editarea unor studii \u0219i documente de istorie recent\u0103 (istoria comunismului din Rom\u00e2nia). Dintre volumele publicate, amintim: <em>Fur\u0103m trandafiri<\/em> (Bucure\u015fti,1967); <em>Jum\u0103tate zeu<\/em> (Bucure\u015fti, 1970); <em>Adagio\u00a0 <\/em>(Bucure\u015fti, 1973); <em>Taina<\/em> (Cluj, 1976); <em>V\u00e2rtejul \u015fi lumea<\/em> (Bucure\u015fti, 1982), <em>Corp \u00een c\u0103dere<\/em> (Bucure\u015fti,1999); <em>Arcadia<\/em> (Bucure\u015fti, 1999); <em>Tratat de amintiri neverosimile<\/em> (colec\u0163ia <em>Poe\u0163i rom\u00e2ni contemporani<\/em>, edi\u0163ie antologic\u0103, Bucure\u015fti, 2000); <em>Nusakan<\/em> (Ia\u015fi, 2013); <em>Vertigo<\/em> (Bucure\u0219ti,1914); <em>\u021aesuturi<\/em> (Ia\u0219i, 2017). A tradus din operele lui Jovan Strezovski, Raul Gomez Garcia, Ana Kalandadze, Constantin Stoiciu, Stephane Mallarme.<\/p>\n<p>Odat\u0103 cu inaugurarea noii expozi\u021bii de baz\u0103 a Muzeului Na\u021bional al Literaturii Rom\u00e2ne (Nicolae Cre\u021bulescu nr. 8), ne propunem o deschidere c\u00e2t mai mare fa\u021b\u0103 de publicul vizitator de toate v\u00e2rstele, printr-o serie de evenimente prin care ne dorim repozi\u021bionarea unei institu\u021bii de importan\u021b\u0103 na\u021bional\u0103 pe harta cultural\u0103, educa\u021bional\u0103, turistic\u0103 a Bucure\u0219tiului, dar \u0219i a \u021b\u0103rii.<\/p>","protected":false},"excerpt":{"rendered":"<p>Muzeul Na\u021bional al Literaturii Rom\u00e2ne continu\u0103 seria Scriitori contemporani la muzeu, inaugurat\u0103 la \u00eenceputul lunii mai, cu cea de-a 13-a&#8230;<\/p>","protected":false},"author":1,"featured_media":1152,"comment_status":"closed","ping_status":"closed","sticky":false,"template":"","format":"standard","meta":{"_exactmetrics_skip_tracking":false,"_exactmetrics_sitenote_active":false,"_exactmetrics_sitenote_note":"","_exactmetrics_sitenote_category":0,"footnotes":""},"categories":[9],"tags":[],"class_list":["post-1151","post","type-post","status-publish","format-standard","has-post-thumbnail","hentry","category-evenimente"],"_links":{"self":[{"href":"https:\/\/mnlr.ro\/en\/wp-json\/wp\/v2\/posts\/1151","targetHints":{"allow":["GET"]}}],"collection":[{"href":"https:\/\/mnlr.ro\/en\/wp-json\/wp\/v2\/posts"}],"about":[{"href":"https:\/\/mnlr.ro\/en\/wp-json\/wp\/v2\/types\/post"}],"author":[{"embeddable":true,"href":"https:\/\/mnlr.ro\/en\/wp-json\/wp\/v2\/users\/1"}],"replies":[{"embeddable":true,"href":"https:\/\/mnlr.ro\/en\/wp-json\/wp\/v2\/comments?post=1151"}],"version-history":[{"count":1,"href":"https:\/\/mnlr.ro\/en\/wp-json\/wp\/v2\/posts\/1151\/revisions"}],"predecessor-version":[{"id":1153,"href":"https:\/\/mnlr.ro\/en\/wp-json\/wp\/v2\/posts\/1151\/revisions\/1153"}],"wp:featuredmedia":[{"embeddable":true,"href":"https:\/\/mnlr.ro\/en\/wp-json\/wp\/v2\/media\/1152"}],"wp:attachment":[{"href":"https:\/\/mnlr.ro\/en\/wp-json\/wp\/v2\/media?parent=1151"}],"wp:term":[{"taxonomy":"category","embeddable":true,"href":"https:\/\/mnlr.ro\/en\/wp-json\/wp\/v2\/categories?post=1151"},{"taxonomy":"post_tag","embeddable":true,"href":"https:\/\/mnlr.ro\/en\/wp-json\/wp\/v2\/tags?post=1151"}],"curies":[{"name":"wp","href":"https:\/\/api.w.org\/{rel}","templated":true}]}}