{"id":11606,"date":"2020-03-19T11:10:56","date_gmt":"2020-03-19T09:10:56","guid":{"rendered":"https:\/\/mnlr.ro\/?p=11606"},"modified":"2020-03-19T12:13:13","modified_gmt":"2020-03-19T10:13:13","slug":"portret-liviu-rebreanu","status":"publish","type":"post","link":"https:\/\/mnlr.ro\/en\/portret-liviu-rebreanu\/","title":{"rendered":"Liviu Rebreanu \u0219i puterea de a merge mai departe"},"content":{"rendered":"<div id=\"js_2mk\" class=\"_5pbx userContent _3576\" data-testid=\"post_message\" data-ft=\"{&quot;tn&quot;:&quot;K&quot;}\">\n<div id=\"id_5e733651013509630611737\" class=\"text_exposed_root text_exposed\">\n<p>Sunt momente \u00een care ni se pare c\u0103 tr\u0103im o catastrof\u0103, c\u0103 tr\u0103im zile tragice. Suferin\u021bele noastre ni se par cele mai crunte suferin\u021be din toate timpurile pentru c\u0103, nu-i a\u0219a?, sunt suferin\u021bele noastre personale. Dar via\u021ba a mers \u0219i va merge \u00eentotdeauna \u00eenainte, cu bune \u0219i cu rele. Trebuie s\u0103 g\u0103sim putere \u0219i d\u00e2rzenie \u00een noi \u00een\u0219ine s\u0103 mergem mai departe, s\u0103 reu\u0219im s\u0103 lu\u0103m tot ce este frumos \u0219i deosebit din zilele pe care le tr\u0103im, s\u0103 trecem peste lucrurile rele \u0219i peste suferin<span class=\"text_exposed_show\">\u021bele efemere, s\u0103 reu\u0219im chiar \u0219i din acestea s\u0103 scoatem tot ce putem mai bun. Am putea s\u0103 \u00eel lu\u0103m drept exemplu pe Liviu Rebreanu care a fost primul n\u0103scut \u00eentr-o familie cu 14 copii, av\u00e2nd implicit o situa\u021bie material\u0103 precar\u0103; a avut 5 fra\u021bi care au murit la v\u00e2rste premature; *la cererea autorit\u0103\u021bilor austro-ungare* a fost \u00eenchis la V\u0103c\u0103resti \u0219i la Gyula \u00een Ungaria; a avut 3 fra\u021bi care au murit \u00een Primul R\u0103zboi Mondial; a avut o rela\u021bie tumultuoas\u0103 cu mama, fra\u021bii \u0219i surorile lui, care, dup\u0103 ce a devenit un scriitor celebru, il \u0219antajau s\u0103 le trimit\u0103 sume mari de bani; a tr\u0103it excesele legionarilor \u0219i Al Doilea R\u0103zboi Mondial. Dar, dup\u0103 fiecare dram\u0103, dup\u0103 fiecare ran\u0103 sufleteasc\u0103 Liviu Rebreanu a \u0219tiut s\u0103 uite \u0219i s\u0103 ierte, s\u0103 r\u0103m\u00e2n\u0103 cu sufletul \u0219i inima bune \u0219i deschise c\u0103tre cei din jurul lui, s\u0103 scoat\u0103 din cele tr\u0103ite de el subiecte \u0219i personaje pentru lucr\u0103rile lui, cum sunt \u201eIon\u201d, \u201eP\u0103durea Sp\u00e2nzura\u021bilor\u201d, \u201eAdam si Eva\u201d, \u0219.a., opere care au \u00eenc\u00e2ntat \u0219i \u00eenc\u00e2nt\u0103 min\u021bile \u0219i sufletele cititorilor. \u00cen Casa Memorial\u0103 Liviu Rebreanu din Bucure\u0219ti avem dovezi ale dramelor tr\u0103ite de scriitor, dar \u0219i ale faptului ca a \u0219tiut s\u0103 r\u0103m\u00e2n\u0103 \u00een permanen\u021b\u0103 un om senin \u0219i cordial cu toat\u0103 lumea, un om afectuos \u0219i cald, un om \u00eencrez\u0103tor \u00een zile mai bune.<\/span><\/p>\n<div class=\"text_exposed_show\">\n<p>Credite: Arhiva Casei Memoriale \u201eLiviu \u0219i Fanny Liviu Rebreanu\u201d &#8211; MNLR, instantaneu, \u00een prim plan scriitorul Liviu Rebreanu<\/p>\n<\/div>\n<\/div>\n<\/div>\n<div class=\"_3x-2\" data-ft=\"{&quot;tn&quot;:&quot;H&quot;}\">\n<div data-ft=\"{&quot;tn&quot;:&quot;H&quot;}\">\n<div class=\"mtm\">\n<div>\n<div class=\"_5cq3 _1ktf\" data-ft=\"{&quot;tn&quot;:&quot;E&quot;}\"><\/div>\n<\/div>\n<\/div>\n<\/div>\n<\/div>","protected":false},"excerpt":{"rendered":"<p>Sunt momente \u00een care ni se pare c\u0103 tr\u0103im o catastrof\u0103, c\u0103 tr\u0103im zile tragice. Suferin\u021bele noastre ni se par&#8230;<\/p>","protected":false},"author":8,"featured_media":11607,"comment_status":"closed","ping_status":"closed","sticky":false,"template":"","format":"standard","meta":{"_exactmetrics_skip_tracking":false,"_exactmetrics_sitenote_active":false,"_exactmetrics_sitenote_note":"","_exactmetrics_sitenote_category":0,"footnotes":""},"categories":[8],"tags":[],"class_list":["post-11606","post","type-post","status-publish","format-standard","has-post-thumbnail","hentry","category-recomandari"],"_links":{"self":[{"href":"https:\/\/mnlr.ro\/en\/wp-json\/wp\/v2\/posts\/11606","targetHints":{"allow":["GET"]}}],"collection":[{"href":"https:\/\/mnlr.ro\/en\/wp-json\/wp\/v2\/posts"}],"about":[{"href":"https:\/\/mnlr.ro\/en\/wp-json\/wp\/v2\/types\/post"}],"author":[{"embeddable":true,"href":"https:\/\/mnlr.ro\/en\/wp-json\/wp\/v2\/users\/8"}],"replies":[{"embeddable":true,"href":"https:\/\/mnlr.ro\/en\/wp-json\/wp\/v2\/comments?post=11606"}],"version-history":[{"count":3,"href":"https:\/\/mnlr.ro\/en\/wp-json\/wp\/v2\/posts\/11606\/revisions"}],"predecessor-version":[{"id":11614,"href":"https:\/\/mnlr.ro\/en\/wp-json\/wp\/v2\/posts\/11606\/revisions\/11614"}],"wp:featuredmedia":[{"embeddable":true,"href":"https:\/\/mnlr.ro\/en\/wp-json\/wp\/v2\/media\/11607"}],"wp:attachment":[{"href":"https:\/\/mnlr.ro\/en\/wp-json\/wp\/v2\/media?parent=11606"}],"wp:term":[{"taxonomy":"category","embeddable":true,"href":"https:\/\/mnlr.ro\/en\/wp-json\/wp\/v2\/categories?post=11606"},{"taxonomy":"post_tag","embeddable":true,"href":"https:\/\/mnlr.ro\/en\/wp-json\/wp\/v2\/tags?post=11606"}],"curies":[{"name":"wp","href":"https:\/\/api.w.org\/{rel}","templated":true}]}}