{"id":11627,"date":"2020-03-21T14:12:56","date_gmt":"2020-03-21T12:12:56","guid":{"rendered":"https:\/\/mnlr.ro\/?p=11627"},"modified":"2022-03-16T12:27:46","modified_gmt":"2022-03-16T10:27:46","slug":"ziua-internationala-a-poeziei-o-zi-speciala-pentru-mnlr","status":"publish","type":"post","link":"https:\/\/mnlr.ro\/en\/ziua-internationala-a-poeziei-o-zi-speciala-pentru-mnlr\/","title":{"rendered":"Ziua interna\u021bional\u0103 a poeziei, o zi special\u0103 pentru MNLR"},"content":{"rendered":"<p>\u00cencep\u00e2nd din anul 1999, data de 21 martie este declarat\u0103 de UNESCO <em>Ziua Interna\u0163ional\u0103 a Poeziei<\/em>. Aceast\u0103 zi special\u0103 este o recunoa\u015ftere a faptului c\u0103 oamenii de litere \u2013 poe\u0163ii \u015fi scriitorii din \u00eentreaga lume \u2013 au adus o contribu\u0163ie remarcabil\u0103 la \u00eembog\u0103\u0163irea culturii \u015fi spiritualit\u0103\u0163ii universale. Aceast\u0103 zi are o semnifica\u021bie aparte \u0219i pentru Muzeul Na\u021bional al Literaturii Rom\u00e2ne, care deschidea, \u00een urm\u0103 cu exact trei ani, expozi\u021bia de baz\u0103 din Strada Nicolae Cre\u021bulescu 8, \u00een eleganta cl\u0103dire care a apar\u021binut generalului de divizie, Leon Mavrocordat, \u00een prezen\u021ba primarului general, Gabriela Firea, \u0219i a numero\u0219i oameni de cultur\u0103 precum Eugen Simion, R\u0103zvan Theodorescu, Mircea Martin, Maya Simionescu, Maia Morgenstern, George Mih\u0103i\u021b\u0103, George Iva\u0219<span class=\"text_exposed_show\">cu, Pavel \u0218u\u0219ar\u0103.<\/span><\/p>\n<p>\u00cen toat\u0103 aceast\u0103 perioad\u0103, expozi\u021bia de baz\u0103 a fost locul de \u00eent\u00e2lnire al tuturor artelor, ne-am bucurat, al\u0103turi de publicul nostru, de recitaluri de poezie, de conferin\u021be \u0219i colocvii, piese de teatru, proiec\u021bii video, \u00eent\u00e2lniri inedite, lans\u0103ri de carte sau concerte sus\u021binute de interpre\u021bi at\u00e2t de \u00eendr\u0103gi\u021bi.<\/p>\n<p>Pentru c\u0103 \u00een acest an s\u0103rb\u0103toarea poeziei ne g\u0103se\u0219te acas\u0103, \u00een intimitatea c\u0103minului, v\u0103 invit\u0103m s\u0103 fi\u021bi al\u0103turi de noi pe re\u021belele de socializare \u2013 Facebook, Instagram, YouTube, acolo unde post\u0103m zilnic nout\u0103\u021bi \u0219i curiozit\u0103\u021bi menite s\u0103 v\u0103 ofere momente de relaxare \u0219i, de ce nu, de introspec\u021bie.<\/p>\n<p>De asemenea, pentru cei care nu au reu\u0219it s\u0103 ne viziteze p\u00e2n\u0103 acum, dar \u0219i pentru cei care \u00ee\u0219i doresc s\u0103 revin\u0103, v\u0103 invit\u0103m s\u0103 parcurge\u021bi traseul virtual al expozi\u021biei de baz\u0103 a MNLR <a href=\"http:\/\/mnlr.ro\/en\/mnlr3.html\/\">http:\/\/mnlr.ro\/mnlr3.html<\/a><\/p>\n<p>Pute\u0163i desc\u0103rca \u0219i aplica\u0163ia mobil\u0103 (Android &amp; iOS), din Play Store, pentru explora muzeul direct de pe telefon, descoperind lucruri inedite din literatura rom\u00e2n\u0103.<\/p>","protected":false},"excerpt":{"rendered":"<p>\u00cencep\u00e2nd din anul 1999, data de 21 martie este declarat\u0103 de UNESCO Ziua Interna\u0163ional\u0103 a Poeziei. Aceast\u0103 zi special\u0103 este&#8230;<\/p>","protected":false},"author":8,"featured_media":11687,"comment_status":"closed","ping_status":"closed","sticky":false,"template":"","format":"standard","meta":{"_exactmetrics_skip_tracking":false,"_exactmetrics_sitenote_active":false,"_exactmetrics_sitenote_note":"","_exactmetrics_sitenote_category":0,"footnotes":""},"categories":[8],"tags":[],"class_list":["post-11627","post","type-post","status-publish","format-standard","has-post-thumbnail","hentry","category-recomandari"],"_links":{"self":[{"href":"https:\/\/mnlr.ro\/en\/wp-json\/wp\/v2\/posts\/11627","targetHints":{"allow":["GET"]}}],"collection":[{"href":"https:\/\/mnlr.ro\/en\/wp-json\/wp\/v2\/posts"}],"about":[{"href":"https:\/\/mnlr.ro\/en\/wp-json\/wp\/v2\/types\/post"}],"author":[{"embeddable":true,"href":"https:\/\/mnlr.ro\/en\/wp-json\/wp\/v2\/users\/8"}],"replies":[{"embeddable":true,"href":"https:\/\/mnlr.ro\/en\/wp-json\/wp\/v2\/comments?post=11627"}],"version-history":[{"count":2,"href":"https:\/\/mnlr.ro\/en\/wp-json\/wp\/v2\/posts\/11627\/revisions"}],"predecessor-version":[{"id":22469,"href":"https:\/\/mnlr.ro\/en\/wp-json\/wp\/v2\/posts\/11627\/revisions\/22469"}],"wp:featuredmedia":[{"embeddable":true,"href":"https:\/\/mnlr.ro\/en\/wp-json\/wp\/v2\/media\/11687"}],"wp:attachment":[{"href":"https:\/\/mnlr.ro\/en\/wp-json\/wp\/v2\/media?parent=11627"}],"wp:term":[{"taxonomy":"category","embeddable":true,"href":"https:\/\/mnlr.ro\/en\/wp-json\/wp\/v2\/categories?post=11627"},{"taxonomy":"post_tag","embeddable":true,"href":"https:\/\/mnlr.ro\/en\/wp-json\/wp\/v2\/tags?post=11627"}],"curies":[{"name":"wp","href":"https:\/\/api.w.org\/{rel}","templated":true}]}}