{"id":11734,"date":"2020-03-25T20:52:43","date_gmt":"2020-03-25T18:52:43","guid":{"rendered":"https:\/\/mnlr.ro\/?p=11734"},"modified":"2020-03-26T12:06:04","modified_gmt":"2020-03-26T10:06:04","slug":"paul-goma-disparitia-celui-mai-important-scriitor-disident-anticomunist-roman","status":"publish","type":"post","link":"https:\/\/mnlr.ro\/en\/paul-goma-disparitia-celui-mai-important-scriitor-disident-anticomunist-roman\/","title":{"rendered":"Paul Goma, dispari\u021bia celui mai important scriitor-disident anticomunist rom\u00e2n"},"content":{"rendered":"<p>Anun\u021b\u0103m cu profund regret dispari\u021bia lui Paul Goma, considerat cel mai important scriitor-disident anticomunist rom\u00e2n. S-a n\u0103scut pe 2 octombrie 1935, \u00een satul Mana, Orhei, Basarabia. Arestat pe 22 noiembrie 1956, pe c\u00e2nd era student al Facult\u0103\u0163ii de Filologie la Universitatea Bucure\u015fti, ca urmare a manifesta\u0163iilor studen\u0163e\u015fti anticomuniste declan\u015fate \u00een contextul revolu\u0163iei din Ungaria, este apoi condamnat la doi ani de \u00eenchisoare (1957-1959), dup\u0103 care, la expirarea pedepsei, i se stabile\u0219te domiciliu obligatoriu la L\u0103\u021be\u0219ti, raionul Fete\u0219ti (1959-1962). Dup\u0103 eliberare, se re\u00eenscrie la Facultatea de Filologie. Revine \u00een 1977 \u00een prim planul rezisten\u0163ei anticomuniste rom\u00e2ne\u015fti prin scrisoarea de adeziune la Charta&#8217;77 din Cehoslovacia \u015fi prin alte scrisori, declara\u0163ii \u015fi apeluri \u00een care condamn\u0103 regimul Ceau\u015fescu. Arestat din nou \u00een 1977, a fost expulzat din \u0163ar\u0103, la 20 noiembrie 1977, \u00een Fran\u0163a, unde a continuat, \u00eempreun\u0103 cu exilul rom\u00e2nesc, protestele \u00eempotriva dictaturii ceau\u015fiste.<\/p>\n<p>Scriitorul s-a stins, \u00een noaptea de 24 spre 25 martie 2020, \u00eentr-un spital din Paris, la 84 de ani. Suntem cu g\u00e2ndul \u0219i cu sufletul al\u0103turi de familia \u00eendoliat\u0103.<\/p>\n<p>O sintez\u0103 a bio-bibliografiei lui Paul Goma \u00a0realizat\u0103 de Mariana Sipo\u0219 pe baza informa\u021biilor accesibile pe <a href=\"http:\/\/www.paulgoma.com\">www.paulgoma.com <\/a>poate fi accesat\u0103 aici: <em><a href=\"https:\/\/mnlr.ro\/en\/paul-goma\/\">https:\/\/mnlr.ro\/paul-goma\/<\/a><\/em><\/p>\n<p>Credite foto: Mariana Sipo\u0219<\/p>","protected":false},"excerpt":{"rendered":"<p>Anun\u021b\u0103m cu profund regret dispari\u021bia lui Paul Goma, considerat cel mai important scriitor-disident anticomunist rom\u00e2n. S-a n\u0103scut pe 2 octombrie&#8230;<\/p>","protected":false},"author":8,"featured_media":11735,"comment_status":"closed","ping_status":"closed","sticky":false,"template":"","format":"standard","meta":{"_exactmetrics_skip_tracking":false,"_exactmetrics_sitenote_active":false,"_exactmetrics_sitenote_note":"","_exactmetrics_sitenote_category":0,"footnotes":""},"categories":[9],"tags":[],"class_list":["post-11734","post","type-post","status-publish","format-standard","has-post-thumbnail","hentry","category-evenimente"],"_links":{"self":[{"href":"https:\/\/mnlr.ro\/en\/wp-json\/wp\/v2\/posts\/11734","targetHints":{"allow":["GET"]}}],"collection":[{"href":"https:\/\/mnlr.ro\/en\/wp-json\/wp\/v2\/posts"}],"about":[{"href":"https:\/\/mnlr.ro\/en\/wp-json\/wp\/v2\/types\/post"}],"author":[{"embeddable":true,"href":"https:\/\/mnlr.ro\/en\/wp-json\/wp\/v2\/users\/8"}],"replies":[{"embeddable":true,"href":"https:\/\/mnlr.ro\/en\/wp-json\/wp\/v2\/comments?post=11734"}],"version-history":[{"count":5,"href":"https:\/\/mnlr.ro\/en\/wp-json\/wp\/v2\/posts\/11734\/revisions"}],"predecessor-version":[{"id":11759,"href":"https:\/\/mnlr.ro\/en\/wp-json\/wp\/v2\/posts\/11734\/revisions\/11759"}],"wp:featuredmedia":[{"embeddable":true,"href":"https:\/\/mnlr.ro\/en\/wp-json\/wp\/v2\/media\/11735"}],"wp:attachment":[{"href":"https:\/\/mnlr.ro\/en\/wp-json\/wp\/v2\/media?parent=11734"}],"wp:term":[{"taxonomy":"category","embeddable":true,"href":"https:\/\/mnlr.ro\/en\/wp-json\/wp\/v2\/categories?post=11734"},{"taxonomy":"post_tag","embeddable":true,"href":"https:\/\/mnlr.ro\/en\/wp-json\/wp\/v2\/tags?post=11734"}],"curies":[{"name":"wp","href":"https:\/\/api.w.org\/{rel}","templated":true}]}}