{"id":11775,"date":"2020-03-26T17:08:32","date_gmt":"2020-03-26T15:08:32","guid":{"rendered":"https:\/\/mnlr.ro\/?p=11775"},"modified":"2020-03-26T17:08:32","modified_gmt":"2020-03-26T15:08:32","slug":"mircea-ivanescu-89-de-ani-de-la-nastere","status":"publish","type":"post","link":"https:\/\/mnlr.ro\/en\/mircea-ivanescu-89-de-ani-de-la-nastere\/","title":{"rendered":"Mircea Iv\u0103nescu, 89 de ani de la na\u0219tere"},"content":{"rendered":"<p>Prin intermitente intensit\u0103\u021bi ale con\u0219tiin\u021bei, prin reg\u0103siri \u2013 simultaneit\u0103\u021bi ale prezen\u021bei \u0219i ale absen\u021bei \u2013, Mircea Iv\u0103nescu \u00ee\u0219i propune s\u0103 redea inefabilul peisaj al memoriei \u0219i al imagina\u021biei. De aceea, poezia lui, inextricabil amestec de livresc \u0219i de via\u021b\u0103, pare construit\u0103 mai degrab\u0103 din muzicalit\u0103\u021bi gestuale dec\u00e2t din cuvinte.<\/p>\n<p>Citindu-l ast\u0103zi pe Mircea Iv\u0103nescu, la 89 de ani de la na\u0219tere, \u201ene amintim\u201d nu numai de poet, dar \u0219i de noi \u00een\u0219ine:<\/p>\n<p>\u201e\u015ei eu am umblat odat\u0103<span class=\"text_exposed_show\">\u00a0cu o amintire<br \/>\n\u00een m\u00e2ini, str\u00e2ng\u00e2nd-o atent, s\u0103 nu-mi scape,<br \/>\n(\u00eemi alunecase odat\u0103 \u2013 \u015fi se rostogolise de-a dura<br \/>\npe jos, am \u015fters-o frumos, cu m\u00e2neca hainei<br \/>\nnu mi-a fost fric\u0103, amintirile mele sunt mingi \u2013<br \/>\nnu se sparg niciodat\u0103, numai c\u0103 dac\u0103-mi scap\u0103,<br \/>\ndin m\u00e2ini, se pot rostogoli foarte departe \u2013<br \/>\n\u015fi mi-e lene s\u0103 mai alerg dup\u0103 ele, sau chiar<br \/>\ns\u0103 m\u0103 \u00eentind la marginea mea, s\u0103-mi las m\u00e2na<br \/>\ndin ce \u00een ce mai lung\u0103 \u00een jos, s\u0103 fug\u0103resc amintirea.<br \/>\n\u00cemi iau mai bine o alta. \u015ei asta poate fi fals\u0103.)<br \/>\n\u015fi eu am umblat, deci, odat\u0103 cu o amintire<br \/>\n\u00een bra\u0163e \u2013 (\u015fi m\u0103 g\u00e2ndeam, cu un r\u00e2njet<br \/>\nr\u0103u, c\u0103 \u00eentr-o carte celebr\u0103, nu mai \u015ftiu cine<br \/>\numbla cu propriul s\u0103u cap prin infern, lumin\u00e2ndu-\u015fi<br \/>\ndrumul). \u015ei parc\u0103 nu e tot una?<br \/>\n(dar sunt \u015fi amintiri adev\u0103rate)\u201d<\/span><\/p>\n<div class=\"text_exposed_show\">\n<p>(Mircea Iv\u0103nescu, \u201edar sunt \u0219i amintiri adev\u0103rate\u201d, din volumul \u201eVersuri\u201d, Editura pentru Literatur\u0103, Bucure\u015fti, 1968.)<\/p>\n<\/div>","protected":false},"excerpt":{"rendered":"<p>Prin intermitente intensit\u0103\u021bi ale con\u0219tiin\u021bei, prin reg\u0103siri \u2013 simultaneit\u0103\u021bi ale prezen\u021bei \u0219i ale absen\u021bei \u2013, Mircea Iv\u0103nescu \u00ee\u0219i propune s\u0103&#8230;<\/p>","protected":false},"author":8,"featured_media":11776,"comment_status":"closed","ping_status":"closed","sticky":false,"template":"","format":"standard","meta":{"_exactmetrics_skip_tracking":false,"_exactmetrics_sitenote_active":false,"_exactmetrics_sitenote_note":"","_exactmetrics_sitenote_category":0,"footnotes":""},"categories":[23,9,10],"tags":[],"class_list":["post-11775","post","type-post","status-publish","format-standard","has-post-thumbnail","hentry","category-aniversari-si-evocari","category-evenimente","category-portrete"],"_links":{"self":[{"href":"https:\/\/mnlr.ro\/en\/wp-json\/wp\/v2\/posts\/11775","targetHints":{"allow":["GET"]}}],"collection":[{"href":"https:\/\/mnlr.ro\/en\/wp-json\/wp\/v2\/posts"}],"about":[{"href":"https:\/\/mnlr.ro\/en\/wp-json\/wp\/v2\/types\/post"}],"author":[{"embeddable":true,"href":"https:\/\/mnlr.ro\/en\/wp-json\/wp\/v2\/users\/8"}],"replies":[{"embeddable":true,"href":"https:\/\/mnlr.ro\/en\/wp-json\/wp\/v2\/comments?post=11775"}],"version-history":[{"count":1,"href":"https:\/\/mnlr.ro\/en\/wp-json\/wp\/v2\/posts\/11775\/revisions"}],"predecessor-version":[{"id":11777,"href":"https:\/\/mnlr.ro\/en\/wp-json\/wp\/v2\/posts\/11775\/revisions\/11777"}],"wp:featuredmedia":[{"embeddable":true,"href":"https:\/\/mnlr.ro\/en\/wp-json\/wp\/v2\/media\/11776"}],"wp:attachment":[{"href":"https:\/\/mnlr.ro\/en\/wp-json\/wp\/v2\/media?parent=11775"}],"wp:term":[{"taxonomy":"category","embeddable":true,"href":"https:\/\/mnlr.ro\/en\/wp-json\/wp\/v2\/categories?post=11775"},{"taxonomy":"post_tag","embeddable":true,"href":"https:\/\/mnlr.ro\/en\/wp-json\/wp\/v2\/tags?post=11775"}],"curies":[{"name":"wp","href":"https:\/\/api.w.org\/{rel}","templated":true}]}}