{"id":11799,"date":"2020-03-27T14:56:53","date_gmt":"2020-03-27T12:56:53","guid":{"rendered":"https:\/\/mnlr.ro\/?p=11799"},"modified":"2020-03-28T07:09:19","modified_gmt":"2020-03-28T05:09:19","slug":"de-la-case-adunate-si-iarasi-la-lume-date-episodul-5","status":"publish","type":"post","link":"https:\/\/mnlr.ro\/en\/de-la-case-adunate-si-iarasi-la-lume-date-episodul-5\/","title":{"rendered":"De la Case adunate&#8230; \u0219i iar\u0103\u0219i la lume date, Episodul 5"},"content":{"rendered":"<div id=\"js_13p\" class=\"_5pbx userContent _3576\" data-testid=\"post_message\" data-ft=\"{&quot;tn&quot;:&quot;K&quot;}\">\n<div id=\"id_5e7df63795f299d24307802\" class=\"text_exposed_root text_exposed\">\n<div class=\"text_exposed_show\">\n<p>Episodul 5, Casa Memorial\u0103 \u201eTudor Arghezi &#8211; M\u0103r\u021bi\u0219or\u201d<\/p>\n<p>Se spune c\u0103 povestea M\u0103r\u021bi\u0219orului \u00eencepe odat\u0103 cu \u00eencarcerarea lui Tudor Arghezi \u00een \u00eenchisoarea M\u0103n\u0103stirii V\u0103c\u0103re\u0219ti, \u00een 1919, unde Paraschiva, so\u021bia sa, \u00eel vizita periodic pentru a-i aduce m\u00e2ncare \u0219i tot ce mai avea nevoie pentru a supravie\u021bui greut\u0103\u021bilor fiec\u0103rei zile tr\u0103ite f\u0103r\u0103 libertate. Atunci i-a venit pentru prima oar\u0103 poetului ideea de a achizi\u021biona un spa\u021biu \u00een zona pe care o putea observa de la fereastra \u00eenchisorii, iar mai t\u00e2rziu experien\u021ba \u00eencarcer\u0103rii i-au inspirat dou\u0103 dintre cele mai importante volume ale sale: \u201eFlori de mucegai\u201d \u0219i \u201ePoarta neagr\u0103\u201d.<\/p>\n<p>Ast\u0103zi, colega noastr\u0103 Marieta Mih\u0103i\u021b\u0103, muzeograf la Casa Memorial\u0103 \u201eTudor Arghezi &#8211; M\u0103r\u021bi\u0219or\u201d, v\u0103 invit\u0103 \u00een lumea sa plin\u0103 de poezie pentru a (re)descoperi \u00eempreun\u0103 lumea arghezian\u0103 \u0219i importan\u021ba spa\u021biului \u00een care M\u0103r\u021bi\u0219orul a fost construit pas cu pas, camer\u0103 cu camer\u0103, un spa\u021biu aflat \u00een proximitatea unuia dintre cele mai importante locuri istorice din Bucure\u0219ti, care \u0219i ast\u0103zi s-a p\u0103strat \u00een izolare \u0219i lini\u0219te fa\u021b\u0103 de nebunia ora\u0219ului \u00een care tr\u0103im\/tr\u0103iam p\u00e2n\u0103 de cur\u00e2nd, datorit\u0103 spa\u021biului verde de aproape 2h care \u00eemprejmuie\u0219te aceast\u0103 cas\u0103 de patrimoniu cultural na\u021bional.<\/p>\n<p>Marieta Mih\u0103i\u021b\u0103 este absolvent\u0103 a Facult\u0103\u021bii de Jurnalism, iar muzeograf la M\u0103r\u021bi\u0219or de aproape 11 ani. Scrie poezie, iar la Festivalul Na\u021bional de Poezie \u201eTudor Arghezi\u201d de la T\u00e2rgu-Jiu a primit chiar aceast\u0103 distinc\u021bie.<\/p>\n<p>\u201eA fi muzeograf \u00eenseamn\u0103 s\u0103 fii c\u00e2te un pic din toate. S\u0103 fii pu\u021bin actor, atunci c\u00e2nd vorbe\u0219ti, s\u0103 fii pu\u021bin avocat, atunci c\u00e2nd militezi pentru libertatea g\u00e2ndirii \u0219i a demnit\u0103\u021bii de om, s\u0103 fii putin vis\u0103tor c\u00e2nd opre\u0219ti timpul \u00een loc \u0219i p\u0103trunzi \u00een sufletul celor din jur, dincolo de cuv\u00e2nt.<\/p>\n<p>Cel mai dificil e de g\u0103sit, \u00eentotdeauna, \u201ecuv\u00e2ntul potrivit\u201d, iar dac\u0103 acest lucru ne reu\u0219e\u0219te, \u00een sf\u00e2r\u0219it, \u00eenseamn\u0103 c\u0103 menirea noastr\u0103 s-a \u00eemplinit.\u201d (Marieta Mih\u0103i\u021b\u0103, 27 martie 2020)<\/p>\n<p><iframe loading=\"lazy\" title=\"De la Case adunate... \u0219i iar\u0103\u0219i la lume date | Despre Tudor Arghezi #1 cu Marieta Mih\u0103i\u021b\u0103 by MNLR\" width=\"500\" height=\"400\" scrolling=\"no\" frameborder=\"no\" src=\"https:\/\/w.soundcloud.com\/player\/?visual=true&#038;url=https%3A%2F%2Fapi.soundcloud.com%2Ftracks%2F785105077&#038;show_artwork=true&#038;maxheight=750&#038;maxwidth=500\"><\/iframe><\/p>\n<p>Credite foto: Arhiva Casei Memoriale \u201eTudor Arghezi &#8211; M\u0103r\u021bi\u0219or\u201d, Muzeul Na\u021bional al Literaturii Rom\u00e2ne<br \/>\nMaterial video filmat de Andreas Mih\u0103i\u021b\u0103 \u0219i editat de Andrei Nicolescu.<\/p>\n<\/div>\n<\/div>\n<\/div>","protected":false},"excerpt":{"rendered":"<p>Episodul 5, Casa Memorial\u0103 \u201eTudor Arghezi &#8211; M\u0103r\u021bi\u0219or\u201d Se spune c\u0103 povestea M\u0103r\u021bi\u0219orului \u00eencepe odat\u0103 cu \u00eencarcerarea lui Tudor Arghezi&#8230;<\/p>","protected":false},"author":8,"featured_media":11814,"comment_status":"closed","ping_status":"closed","sticky":false,"template":"","format":"standard","meta":{"_exactmetrics_skip_tracking":false,"_exactmetrics_sitenote_active":false,"_exactmetrics_sitenote_note":"","_exactmetrics_sitenote_category":0,"footnotes":""},"categories":[32,9,12,10,8],"tags":[],"class_list":["post-11799","post","type-post","status-publish","format-standard","has-post-thumbnail","hentry","category-educatie-muzeala","category-evenimente","category-evocari","category-portrete","category-recomandari"],"_links":{"self":[{"href":"https:\/\/mnlr.ro\/en\/wp-json\/wp\/v2\/posts\/11799","targetHints":{"allow":["GET"]}}],"collection":[{"href":"https:\/\/mnlr.ro\/en\/wp-json\/wp\/v2\/posts"}],"about":[{"href":"https:\/\/mnlr.ro\/en\/wp-json\/wp\/v2\/types\/post"}],"author":[{"embeddable":true,"href":"https:\/\/mnlr.ro\/en\/wp-json\/wp\/v2\/users\/8"}],"replies":[{"embeddable":true,"href":"https:\/\/mnlr.ro\/en\/wp-json\/wp\/v2\/comments?post=11799"}],"version-history":[{"count":4,"href":"https:\/\/mnlr.ro\/en\/wp-json\/wp\/v2\/posts\/11799\/revisions"}],"predecessor-version":[{"id":11816,"href":"https:\/\/mnlr.ro\/en\/wp-json\/wp\/v2\/posts\/11799\/revisions\/11816"}],"wp:featuredmedia":[{"embeddable":true,"href":"https:\/\/mnlr.ro\/en\/wp-json\/wp\/v2\/media\/11814"}],"wp:attachment":[{"href":"https:\/\/mnlr.ro\/en\/wp-json\/wp\/v2\/media?parent=11799"}],"wp:term":[{"taxonomy":"category","embeddable":true,"href":"https:\/\/mnlr.ro\/en\/wp-json\/wp\/v2\/categories?post=11799"},{"taxonomy":"post_tag","embeddable":true,"href":"https:\/\/mnlr.ro\/en\/wp-json\/wp\/v2\/tags?post=11799"}],"curies":[{"name":"wp","href":"https:\/\/api.w.org\/{rel}","templated":true}]}}