{"id":11924,"date":"2020-04-02T16:38:45","date_gmt":"2020-04-02T13:38:45","guid":{"rendered":"https:\/\/mnlr.ro\/?p=11924"},"modified":"2020-04-02T16:38:45","modified_gmt":"2020-04-02T13:38:45","slug":"conferintele-centenarului-pavel-susara-100-de-ani-de-arta-romaneasca","status":"publish","type":"post","link":"https:\/\/mnlr.ro\/en\/conferintele-centenarului-pavel-susara-100-de-ani-de-arta-romaneasca\/","title":{"rendered":"Conferin\u021bele Centenarului: Pavel \u0218u\u0219ar\u0103 &#8211; 100 de ani de art\u0103 rom\u00e2neasc\u0103"},"content":{"rendered":"<p>\u00centr-o prezentare charismatic\u0103, invitatul\u00a0\u201eConferin\u021belor Centenarului\u201d,\u00a0Pavel \u0218u\u0219ar\u0103, face o incursiune \u00een cei 100 de ani de art\u0103 rom\u00e2neasc\u0103, pled\u00e2nd pentru o \u00een\u021belegere \u00een oglind\u0103 a arti\u0219tilor, printr-o compara\u021bie care nutre\u0219te fiecare\u00a0viziune artistic\u0103, \u00een dialog cu propria epoc\u0103 \u0219i cu tradi\u021bia de la care se revendic\u0103.<\/p>\n<p>Pavel \u015eu\u015far\u0103 este critic \u015fi istoric de art\u0103, publicist, scriitor, cercet\u0103tor la Institutul de Istoria Artei al Academiei Rom\u00e2ne, pre\u015fedinte &#8211; fondator al Asocia\u0163iei Exper\u0163ilor \u015fi a Evaluatorilor de Art\u0103 din Rom\u00e2nia, fondatorul Muzeului de Art\u0103 Modern\u0103 \u015fi Contemporan\u0103 \u201ePavel \u015eu\u015far\u0103\u2019\u2019, membru al Asocia\u0163iei Interna\u0163ionale a Criticilor de Art\u0103, al Uniunii Arti\u015ftilor Plastici \u015fi al Uniunii Scriitorilor din Rom\u00e2nia.<\/p>\n<p>Printre distinc\u0163iile pe care le-a ob\u0163inut, se num\u0103r\u0103 Premiul pentru critic\u0103 al Uniunii Arti\u015ftilor Plastici din Rom\u00e2nia (l995), Premiul \u201eCella Delavrancea\u201d pentru activitatea cultural\u0103 (l997) \u015fi Ordinul Meritul Cultural \u00een grad de Cavaler, acordat de Pre\u015fedintele Rom\u00e2niei (2004).<\/p>\n<p>Conferin\u021ba sus\u021binut\u0103 de cristicul de art\u0103 Pavel \u0218u\u0219ar\u0103 este disponibil\u0103 pe canalul nostru de YouTube:<\/p>\n<p><a href=\"https:\/\/www.youtube.com\/watch?v=IBJoFtfxwvM&amp;feature=youtu.be\">https:\/\/www.youtube.com\/watch?v=IBJoFtfxwvM&amp;feature=youtu.be<\/a><\/p>\n<p>&nbsp;<\/p>","protected":false},"excerpt":{"rendered":"<p>\u00centr-o prezentare charismatic\u0103, invitatul\u00a0\u201eConferin\u021belor Centenarului\u201d,\u00a0Pavel \u0218u\u0219ar\u0103, face o incursiune \u00een cei 100 de ani de art\u0103 rom\u00e2neasc\u0103, pled\u00e2nd pentru o&#8230;<\/p>","protected":false},"author":8,"featured_media":11925,"comment_status":"closed","ping_status":"closed","sticky":false,"template":"","format":"standard","meta":{"_exactmetrics_skip_tracking":false,"_exactmetrics_sitenote_active":false,"_exactmetrics_sitenote_note":"","_exactmetrics_sitenote_category":0,"footnotes":""},"categories":[37,9,8],"tags":[],"class_list":["post-11924","post","type-post","status-publish","format-standard","has-post-thumbnail","hentry","category-conferinte","category-evenimente","category-recomandari"],"_links":{"self":[{"href":"https:\/\/mnlr.ro\/en\/wp-json\/wp\/v2\/posts\/11924","targetHints":{"allow":["GET"]}}],"collection":[{"href":"https:\/\/mnlr.ro\/en\/wp-json\/wp\/v2\/posts"}],"about":[{"href":"https:\/\/mnlr.ro\/en\/wp-json\/wp\/v2\/types\/post"}],"author":[{"embeddable":true,"href":"https:\/\/mnlr.ro\/en\/wp-json\/wp\/v2\/users\/8"}],"replies":[{"embeddable":true,"href":"https:\/\/mnlr.ro\/en\/wp-json\/wp\/v2\/comments?post=11924"}],"version-history":[{"count":1,"href":"https:\/\/mnlr.ro\/en\/wp-json\/wp\/v2\/posts\/11924\/revisions"}],"predecessor-version":[{"id":11926,"href":"https:\/\/mnlr.ro\/en\/wp-json\/wp\/v2\/posts\/11924\/revisions\/11926"}],"wp:featuredmedia":[{"embeddable":true,"href":"https:\/\/mnlr.ro\/en\/wp-json\/wp\/v2\/media\/11925"}],"wp:attachment":[{"href":"https:\/\/mnlr.ro\/en\/wp-json\/wp\/v2\/media?parent=11924"}],"wp:term":[{"taxonomy":"category","embeddable":true,"href":"https:\/\/mnlr.ro\/en\/wp-json\/wp\/v2\/categories?post=11924"},{"taxonomy":"post_tag","embeddable":true,"href":"https:\/\/mnlr.ro\/en\/wp-json\/wp\/v2\/tags?post=11924"}],"curies":[{"name":"wp","href":"https:\/\/api.w.org\/{rel}","templated":true}]}}