{"id":11967,"date":"2020-04-05T11:16:38","date_gmt":"2020-04-05T08:16:38","guid":{"rendered":"https:\/\/mnlr.ro\/?p=11967"},"modified":"2020-04-05T11:16:38","modified_gmt":"2020-04-05T08:16:38","slug":"best-of-mnlr-conferintele-centenarului-nicolae-victor-zamfir-fizica-romaneasca-in-anul-centenarului-trecut-prezent-si-viitor","status":"publish","type":"post","link":"https:\/\/mnlr.ro\/en\/best-of-mnlr-conferintele-centenarului-nicolae-victor-zamfir-fizica-romaneasca-in-anul-centenarului-trecut-prezent-si-viitor\/","title":{"rendered":"Best of MNLR | Conferin\u021bele Centenarului:  Nicolae-Victor Zamfir &#8211; Fizica rom\u00e2neasc\u0103 \u00een anul Centenarului. Trecut, prezent \u0219i viitor"},"content":{"rendered":"<p>Invitatul celei de-a cincea conferin\u021be din seria dedicat\u0103 Centenarului este acad. Nicolae-Victor Zamfir, care ne vorbe\u0219te despre laserul de la M\u0103gurele, cel mai mare din lume \u0219i despre ce s-a \u00eent\u00e2mplat \u00een domeniul fizicii, la noi \u00een \u021bar\u0103, \u00een ultimii 100 de ani.<\/p>\n<p>Acad. Nicolae-Victor Zamfir, doctor \u00een fizic\u0103, este pre\u0219edintele Sec\u0163iei de \u015etiin\u0163e Fizice a Academiei Rom\u00e2ne, director general al Institutului pentru Fizic\u0103 \u015fi Inginerie Nuclear\u0103 \u201eHoria Hulubei\u201d, membru titular al Aca<span class=\"text_exposed_show\">demiei Rom\u00e2ne din 2015.<\/span><\/p>\n<div class=\"text_exposed_show\">\n<p>Activitatea sa profesional\u0103 a fost centrat\u0103 pe studiul structurii nucleului atomic. Rezultatele activit\u0103\u0163ii profesionale sunt concretizate \u00een peste 500 lucr\u0103ri dintre care peste 300 lucr\u0103ri publicate \u00een reviste de specialitate cotate interna\u0163ional (ISI).<\/p>\n<p>A primit numeroase premii \u0219i decora\u021bii, printre care Premiul \u201eHurmuzescu\u201d al Academiei Rom\u00e2ne (1984), Ordinul Serviciul Credincios \u00een rang de Cavaler (2008), membru al Academia Europea (2012), Honorable Doctor al Institutului de Cercet\u0103ri Nucleare de la Dubna (2015), Ofi\u021ber al Ordinului Na\u021bional Serviciul Credincios, Mare Ofi\u021ber al Ordinului Na\u021bional al Legiunii de Onoare (2016). Din anul 2012 este pre\u0219edinte al Sec\u021biei de \u0218tiin\u021be Fizice al Academiei Rom\u00e2ne. \u00cen luna aprilie 2017 a devenit pre\u0219edinte al Colegiului Consultativ pentru Cercetare-Dezvoltare \u0219i Inovare \u2013 CCCDI, \u00een cadrul Ministerului Cercet\u0103rii \u0219i Inov\u0103rii din Rom\u00e2nia.<\/p>\n<p>Conferin\u021ba poate fi urm\u0103tir\u0103 pe canalul nostru de YouTube:<\/p>\n<p><a href=\"https:\/\/www.youtube.com\/watch?v=2jgQ1rxOhIc&amp;feature=youtu.be&amp;fbclid=IwAR1dVCdKbiQzuOt71Ywo2JsHzkKT-n5ciSWI0Lq5nyhaWXH79sXijhYpiYE\" target=\"_blank\" rel=\"noopener nofollow noreferrer\" data-ft=\"{&quot;tn&quot;:&quot;-U&quot;}\" data-lynx-mode=\"async\" data-lynx-uri=\"https:\/\/l.facebook.com\/l.php?u=https%3A%2F%2Fwww.youtube.com%2Fwatch%3Fv%3D2jgQ1rxOhIc%26feature%3Dyoutu.be%26fbclid%3DIwAR1dVCdKbiQzuOt71Ywo2JsHzkKT-n5ciSWI0Lq5nyhaWXH79sXijhYpiYE&amp;h=AT1nFRtt87Zz9DFQef9odS5Apg5e0AdsvnJHVrWvnv4JJcK7AIJii7DR6qHpcg7FS4HgXhEuB4oFwqoIwcQ1-ifto8n9ZbXDvAZip1FNeB_voWHR_1QIybl8FTjhKYYEpsa1rfTcqy2kYTPC45LYyQSCuU76InMyahmcAtTgiA2k6J4S7_Ab4jRMg4m3d4bq0BSxgA6n0NeXWZBOiHEx73GuRm6iBsLaKyuxdP4GqqwLQ8zpuh3oU_GOYwdmxGCT59Y8-pM3M1QITh1buCTv9t9GKncde_PiQPyankvBj6eyyl320rcdZurvNEUiP8ak9odw19v4haEwYId6jypPp7J5bRzK2xL1dOnbfNebyGC5F2Fis_fTqCRuiSEheM2I_X2uNUXe-jVayozrFQdXh_eLzJaiBaCzKJer0poU2f9LkgzvbpkBzBU1NVl_74qo1_FvLdJ1DjwkduCFJ0o9qR2XM9K2FDhzwt80_WtRY-ji10BgAgvIPm-_78k3T8OjDoEMhdsxopkXSp01fL-8x0yZeYZv3cOmT_A5QX99hENPO4ffvTOQ4d92E_0meMGZ8yHPkP4cweivEsQ8ioqSHWPcwUAwGb0PfsDjrNjv06NSgoJYDS2DzV0FogDbtwcE3w\">https:\/\/www.youtube.com\/watch?v=2jgQ1rxOhIc&amp;feature=youtu.be<\/a><\/p>\n<\/div>","protected":false},"excerpt":{"rendered":"<p>Invitatul celei de-a cincea conferin\u021be din seria dedicat\u0103 Centenarului este acad. Nicolae-Victor Zamfir, care ne vorbe\u0219te despre laserul de la&#8230;<\/p>","protected":false},"author":8,"featured_media":11968,"comment_status":"closed","ping_status":"closed","sticky":false,"template":"","format":"standard","meta":{"_exactmetrics_skip_tracking":false,"_exactmetrics_sitenote_active":false,"_exactmetrics_sitenote_note":"","_exactmetrics_sitenote_category":0,"footnotes":""},"categories":[37,9,8],"tags":[],"class_list":["post-11967","post","type-post","status-publish","format-standard","has-post-thumbnail","hentry","category-conferinte","category-evenimente","category-recomandari"],"_links":{"self":[{"href":"https:\/\/mnlr.ro\/en\/wp-json\/wp\/v2\/posts\/11967","targetHints":{"allow":["GET"]}}],"collection":[{"href":"https:\/\/mnlr.ro\/en\/wp-json\/wp\/v2\/posts"}],"about":[{"href":"https:\/\/mnlr.ro\/en\/wp-json\/wp\/v2\/types\/post"}],"author":[{"embeddable":true,"href":"https:\/\/mnlr.ro\/en\/wp-json\/wp\/v2\/users\/8"}],"replies":[{"embeddable":true,"href":"https:\/\/mnlr.ro\/en\/wp-json\/wp\/v2\/comments?post=11967"}],"version-history":[{"count":1,"href":"https:\/\/mnlr.ro\/en\/wp-json\/wp\/v2\/posts\/11967\/revisions"}],"predecessor-version":[{"id":11969,"href":"https:\/\/mnlr.ro\/en\/wp-json\/wp\/v2\/posts\/11967\/revisions\/11969"}],"wp:featuredmedia":[{"embeddable":true,"href":"https:\/\/mnlr.ro\/en\/wp-json\/wp\/v2\/media\/11968"}],"wp:attachment":[{"href":"https:\/\/mnlr.ro\/en\/wp-json\/wp\/v2\/media?parent=11967"}],"wp:term":[{"taxonomy":"category","embeddable":true,"href":"https:\/\/mnlr.ro\/en\/wp-json\/wp\/v2\/categories?post=11967"},{"taxonomy":"post_tag","embeddable":true,"href":"https:\/\/mnlr.ro\/en\/wp-json\/wp\/v2\/tags?post=11967"}],"curies":[{"name":"wp","href":"https:\/\/api.w.org\/{rel}","templated":true}]}}