{"id":12162,"date":"2020-04-13T14:37:53","date_gmt":"2020-04-13T11:37:53","guid":{"rendered":"https:\/\/mnlr.ro\/?p=12162"},"modified":"2020-04-13T14:37:53","modified_gmt":"2020-04-13T11:37:53","slug":"best-of-mnlr-conferinte-de-istoria-artei-unitatea-pierduta-a-artelor-pavel-susara","status":"publish","type":"post","link":"https:\/\/mnlr.ro\/en\/best-of-mnlr-conferinte-de-istoria-artei-unitatea-pierduta-a-artelor-pavel-susara\/","title":{"rendered":"Best of MNLR | Conferin\u021be de istoria artei | \u201eUnitatea pierdut\u0103 a artelor\u201d, Pavel \u0218u\u0219ar\u0103"},"content":{"rendered":"<p>Pentru \u00eentreaga diversitate a formelor de expresie artistic\u0103 \u00een evolu\u021bia lor istoric\u0103, se poate identifica o orgine comun\u0103, unde dansul, desenul, pictarea corpului, muzica \u0219i incanta\u021bia deserveau aceluia\u0219i scop, acela de comuniune cu sacrul \u0219i de facilitare a tr\u0103irii \u00een afara prezentului efemer.<\/p>\n<p>Criticul \u0219i istoricul de art\u0103 Pavel \u0218u\u0219ar\u0103 face o incursiune \u00een istoria artelor, acoperind geografii diferite, de la triburile din Africa la aborigenii sud-americani sau australieni \u0219i demonstreaz\u0103 continuitatea fundamental\u0103 a artelor \u00een expresiile moderne \u0219i contemporane.<\/p>\n<p>V\u0103 invit\u0103m s\u0103 urm\u0103ri\u021bi conferin\u021ba \u201eUnitatea pierdut\u0103 a artelor\u201d, sus\u021binut\u0103 de Pavel \u0218u\u0219ar\u0103 pe canalul nostru de YouTube:<\/p>\n<p><a href=\"https:\/\/www.youtube.com\/watch?v=GPijKEYBjPM&amp;feature=youtu.be\">https:\/\/www.youtube.com\/watch?v=GPijKEYBjPM&amp;feature=youtu.be<\/a><\/p>","protected":false},"excerpt":{"rendered":"<p>Pentru \u00eentreaga diversitate a formelor de expresie artistic\u0103 \u00een evolu\u021bia lor istoric\u0103, se poate identifica o orgine comun\u0103, unde dansul,&#8230;<\/p>","protected":false},"author":8,"featured_media":12164,"comment_status":"closed","ping_status":"closed","sticky":false,"template":"","format":"standard","meta":{"_exactmetrics_skip_tracking":false,"_exactmetrics_sitenote_active":false,"_exactmetrics_sitenote_note":"","_exactmetrics_sitenote_category":0,"footnotes":""},"categories":[37,9,8],"tags":[],"class_list":["post-12162","post","type-post","status-publish","format-standard","has-post-thumbnail","hentry","category-conferinte","category-evenimente","category-recomandari"],"_links":{"self":[{"href":"https:\/\/mnlr.ro\/en\/wp-json\/wp\/v2\/posts\/12162","targetHints":{"allow":["GET"]}}],"collection":[{"href":"https:\/\/mnlr.ro\/en\/wp-json\/wp\/v2\/posts"}],"about":[{"href":"https:\/\/mnlr.ro\/en\/wp-json\/wp\/v2\/types\/post"}],"author":[{"embeddable":true,"href":"https:\/\/mnlr.ro\/en\/wp-json\/wp\/v2\/users\/8"}],"replies":[{"embeddable":true,"href":"https:\/\/mnlr.ro\/en\/wp-json\/wp\/v2\/comments?post=12162"}],"version-history":[{"count":2,"href":"https:\/\/mnlr.ro\/en\/wp-json\/wp\/v2\/posts\/12162\/revisions"}],"predecessor-version":[{"id":12165,"href":"https:\/\/mnlr.ro\/en\/wp-json\/wp\/v2\/posts\/12162\/revisions\/12165"}],"wp:featuredmedia":[{"embeddable":true,"href":"https:\/\/mnlr.ro\/en\/wp-json\/wp\/v2\/media\/12164"}],"wp:attachment":[{"href":"https:\/\/mnlr.ro\/en\/wp-json\/wp\/v2\/media?parent=12162"}],"wp:term":[{"taxonomy":"category","embeddable":true,"href":"https:\/\/mnlr.ro\/en\/wp-json\/wp\/v2\/categories?post=12162"},{"taxonomy":"post_tag","embeddable":true,"href":"https:\/\/mnlr.ro\/en\/wp-json\/wp\/v2\/tags?post=12162"}],"curies":[{"name":"wp","href":"https:\/\/api.w.org\/{rel}","templated":true}]}}