{"id":12167,"date":"2020-04-14T14:00:28","date_gmt":"2020-04-14T11:00:28","guid":{"rendered":"https:\/\/mnlr.ro\/?p=12167"},"modified":"2020-04-14T14:00:28","modified_gmt":"2020-04-14T11:00:28","slug":"ion-minulescu-ruga-pentru-duminica-floriilor","status":"publish","type":"post","link":"https:\/\/mnlr.ro\/en\/ion-minulescu-ruga-pentru-duminica-floriilor\/","title":{"rendered":"Ion Minulescu, Rug\u0103 pentru Duminica Floriilor!"},"content":{"rendered":"<p>S\u0103 tr\u0103i\u021bi cu numele \u0219i s\u0103 v\u0103 bucura\u021bi de fiecare zi care vine!<\/p>\n<p>Poezia \u201eRug\u0103 pentru Duminica Floriilor&#8221;, scris\u0103 de Ion Minulescu, face parte din ciclul \u201eStrofe pentru Cel de sus\u201d, care, la r\u00e2ndul s\u0103u, a fost inclus \u00een volumul \u201eStrofe pentru toat\u0103 lumea\u201d, publicat \u00een 1930, la editura Cultura Na\u021bional\u0103. \u00centr-un interviu, Minulescu considera acest ciclu de \u201eStrofe pentru Cel de sus\u201d drept una dintre realiz\u0103rile lui poetice.<br \/>\n\u201eRug\u0103 pentru Duminica Floriilor&#8221; a ap\u0103rut pentru prima\u00a0<span class=\"text_exposed_show\">dat\u0103 \u00een \u201eUniversul literar\u201d, XLIII, nr. 17, 24 aprilie 1927, cu titlul \u201eRug\u0103 de Pa\u0219ti\u201d. \u00cen volumul \u201eStrofe pentru toat\u0103 lumea\u201d ap\u0103rut \u00een 1930, Minulescu a renun\u021bat la titlul \u201eRug\u0103 de Pa\u0219ti\u201d \u0219i a optat pentru cel de \u201eRug\u0103 pentru Duminica Floriilor&#8221;.<\/span><\/p>\n<div class=\"text_exposed_show\">\n<p>Rug\u0103 pentru Duminica Floriilor<\/p>\n<p>Dezleag\u0103-m\u0103, P\u0103rinte, de ce-am jurat s\u0103 fiu<br \/>\n\u0218i iart\u0103-m\u0103 c\u0103-n via\u021b\u0103 n-am fost dec\u00e2t ce sunt \u2013<br \/>\nUn c\u00e2ntec prea devreme, sau poate prea t\u00e2rziu,<br \/>\nUn ropot scurt de ploaie<br \/>\n\u015ei-un mic v\u00e2rtej de v\u00e2nt&#8230;<\/p>\n<p>Dezleag\u0103-m\u0103 de vina de-a fi-ncercat s\u0103 fac<br \/>\nGranit din c\u0103r\u0103mid\u0103<br \/>\n\u015ei bronz din b\u0103ligar,<br \/>\nColan de pietre scumpe din s\u00e2mburi de dovleac<br \/>\n\u015ei-un Pegas cu-aripi duble din clasicul m\u0103gar&#8230;<\/p>\n<p>\u015ei iart\u0103-m\u0103 c\u0103-n via\u0163\u0103 n-am fost dec\u00e2t a\u015fa<br \/>\nCum te-am v\u0103zut pe tine \u2013<br \/>\nC-a\u015fa credeam c\u0103-i bine!&#8230;<br \/>\nDar azi, c\u00e2nd v\u0103d c\u0103-i altfel de cum am vrut s\u0103 fie,<br \/>\nStrope\u0219te-mi ochii, Doamne, cu stropi de ap\u0103 vie,<br \/>\nReteaz\u0103-mi m\u00e2na dreapt\u0103<br \/>\n\u0218i pune-mi straj\u0103 gurii,<br \/>\nAlung\u0103-mi nebunia din scoar\u021bele Scripturii<br \/>\n\u015ei-apoi desprinde-mi chipul de pe icoana Ta<br \/>\n\u015ei f\u0103 s\u0103 uit c-odat\u0103 am fost \u015fi eu ca Tine!&#8230;<\/p>\n<p>Ion Minulescu, \u201eUniversul literar\u201d, XLIII, nr. 17, 24 aprilie 1927<\/p>\n<p>Text de Adrian David, muzeograf MNLR<br \/>\nCredite foto: Arhiva Casei Memoriale \u201cIon Minulescu si Claudia Millian\u201d, MNLR<\/p>\n<\/div>","protected":false},"excerpt":{"rendered":"<p>S\u0103 tr\u0103i\u021bi cu numele \u0219i s\u0103 v\u0103 bucura\u021bi de fiecare zi care vine! Poezia \u201eRug\u0103 pentru Duminica Floriilor&#8221;, scris\u0103 de&#8230;<\/p>","protected":false},"author":8,"featured_media":12143,"comment_status":"closed","ping_status":"closed","sticky":false,"template":"","format":"standard","meta":{"_exactmetrics_skip_tracking":false,"_exactmetrics_sitenote_active":false,"_exactmetrics_sitenote_note":"","_exactmetrics_sitenote_category":0,"footnotes":""},"categories":[32,9,12,10,8],"tags":[],"class_list":["post-12167","post","type-post","status-publish","format-standard","has-post-thumbnail","hentry","category-educatie-muzeala","category-evenimente","category-evocari","category-portrete","category-recomandari"],"_links":{"self":[{"href":"https:\/\/mnlr.ro\/en\/wp-json\/wp\/v2\/posts\/12167","targetHints":{"allow":["GET"]}}],"collection":[{"href":"https:\/\/mnlr.ro\/en\/wp-json\/wp\/v2\/posts"}],"about":[{"href":"https:\/\/mnlr.ro\/en\/wp-json\/wp\/v2\/types\/post"}],"author":[{"embeddable":true,"href":"https:\/\/mnlr.ro\/en\/wp-json\/wp\/v2\/users\/8"}],"replies":[{"embeddable":true,"href":"https:\/\/mnlr.ro\/en\/wp-json\/wp\/v2\/comments?post=12167"}],"version-history":[{"count":1,"href":"https:\/\/mnlr.ro\/en\/wp-json\/wp\/v2\/posts\/12167\/revisions"}],"predecessor-version":[{"id":12168,"href":"https:\/\/mnlr.ro\/en\/wp-json\/wp\/v2\/posts\/12167\/revisions\/12168"}],"wp:featuredmedia":[{"embeddable":true,"href":"https:\/\/mnlr.ro\/en\/wp-json\/wp\/v2\/media\/12143"}],"wp:attachment":[{"href":"https:\/\/mnlr.ro\/en\/wp-json\/wp\/v2\/media?parent=12167"}],"wp:term":[{"taxonomy":"category","embeddable":true,"href":"https:\/\/mnlr.ro\/en\/wp-json\/wp\/v2\/categories?post=12167"},{"taxonomy":"post_tag","embeddable":true,"href":"https:\/\/mnlr.ro\/en\/wp-json\/wp\/v2\/tags?post=12167"}],"curies":[{"name":"wp","href":"https:\/\/api.w.org\/{rel}","templated":true}]}}