{"id":12297,"date":"2020-04-22T17:09:00","date_gmt":"2020-04-22T14:09:00","guid":{"rendered":"https:\/\/mnlr.ro\/?p=12297"},"modified":"2020-04-22T17:09:00","modified_gmt":"2020-04-22T14:09:00","slug":"camil-petrescu-omul-care-vedea-idei","status":"publish","type":"post","link":"https:\/\/mnlr.ro\/en\/camil-petrescu-omul-care-vedea-idei\/","title":{"rendered":"Camil Petrescu, omul care vedea idei"},"content":{"rendered":"<p>Camil Petrescu se n\u0103\u0219tea pe 22 aprilie 1894, la Bucure\u0219ti. \u00cenc\u0103 din adolescen\u021b\u0103 \u00ee\u0219i dovede\u0219te inteligen\u021ba, devenind bursier la Liceul \u201eSf\u00e2ntul Sava\u201d. A urmat apoi cursurile Facult\u0103\u021bii de Litere \u0219i Filosofie, la Universitatea din Bucure\u0219ti, devenind dup\u0103 absolvire profesor, la Timi\u0219oara. Reu\u0219e\u0219te s\u0103 ob\u021bin\u0103 \u0219i un doctorat \u00een filosofie, cu tema \u201eModalitatea estetic\u0103 a teatrului\u201d. De\u0219i este mult mai cunoscut ca romancier, Camil Petrescu a fost mereu preocupat de teatru, nu doar c<span class=\"text_exposed_show\">a dramaturg, ci \u0219i ca teoretician.<\/span><\/p>\n<div class=\"text_exposed_show\">\n<p>\u00centr-o poezie se descria astfel: \u201eEu sunt dintre acei\/ Cu ochi halucina\u021bi \u0219i mistui\u021bi l\u0103untric,\/ Cu sufletul m\u0103rit\/ C\u0103ci am v\u0103zut idei.\u201d Din p\u0103cate, tocmai acest exces teoretic face ca ast\u0103zi piesele lui s\u0103 fie mai pu\u021bin jucate. De fapt, el \u00ee\u0219i considera piesele ca demonstra\u021bii practice ale concep\u021biilor sale despre teatru.<\/p>\n<p>A scris drame, piese istorice, ba chiar \u0219i o comedie (\u201eMitic\u0103 Popescu\u201d). Piesa \u201eDanton\u201d, dedicat\u0103 Revolu\u021biei franceze, are sute de personaje, fiind reprezentat\u0103 doar o singur\u0103 dat\u0103, \u00eentr-o monumental\u0103 montare, la Teatrul Na\u021bional, \u00een anii \u201970. \u00cen ciuda constitu\u021biei fragile (avea doar 1,61 m \u00een\u0103l\u021bime), va fi recrutat \u00een Primul R\u0103zboi Mondial, de unde se \u00eentoarce surd, ca urmare a exploziei unui proiectil german. Dep\u0103\u0219indu-\u0219i infirmitatea, va fi foarte activ pe plan literar, public\u00e2nd versuri, nuvele, romane, piese, eseuri filosofice \u0219i cronici de teatru.<\/p>\n<p>A debutat cu versuri, \u00een revista \u201eSbur\u0103torul\u201d \u0219i va fi un membru de baz\u0103 al cenaclului cu acela\u0219i nume, condus de Eugen Lovinescu. \u00cen \u201eUltima noapte de dragoste, \u00eent\u00e2ia noapte de r\u0103zboi\u201d poveste\u0219te experien\u021ba sa de ofi\u021ber de front, iar prin \u201ePatul lui Procust\u201d ofer\u0103 literaturii noastre unul dintre cele mai bune romane ale sale. \u00cen 1948 va fi ales membru al Academiei Rom\u00e2ne.<\/p>\n<p>Foto 1: Camil Petrescu la masa de scris, arhiva MNLR<br \/>\nFoto 2: Carnetul de veteran al lui Camil Petrescu, arhiva MNLR<br \/>\nFoto 3: Aparatul auditiv care i-a apar\u021binut lui Camil Petrescu, expozi\u021bia de baz\u0103 a MNLR (Str. Nicolae Cre\u021bulescu 8)<\/p>\n<p>Text scris de Radu B\u0103ie\u0219u, regizor de teatru, redactor la Editura MLR, muzeograf<\/p>\n<\/div>","protected":false},"excerpt":{"rendered":"<p>Camil Petrescu se n\u0103\u0219tea pe 22 aprilie 1894, la Bucure\u0219ti. \u00cenc\u0103 din adolescen\u021b\u0103 \u00ee\u0219i dovede\u0219te inteligen\u021ba, devenind bursier la Liceul&#8230;<\/p>","protected":false},"author":8,"featured_media":12298,"comment_status":"closed","ping_status":"closed","sticky":false,"template":"","format":"standard","meta":{"_exactmetrics_skip_tracking":false,"_exactmetrics_sitenote_active":false,"_exactmetrics_sitenote_note":"","_exactmetrics_sitenote_category":0,"footnotes":""},"categories":[23,9,12,10,8],"tags":[],"class_list":["post-12297","post","type-post","status-publish","format-standard","has-post-thumbnail","hentry","category-aniversari-si-evocari","category-evenimente","category-evocari","category-portrete","category-recomandari"],"_links":{"self":[{"href":"https:\/\/mnlr.ro\/en\/wp-json\/wp\/v2\/posts\/12297","targetHints":{"allow":["GET"]}}],"collection":[{"href":"https:\/\/mnlr.ro\/en\/wp-json\/wp\/v2\/posts"}],"about":[{"href":"https:\/\/mnlr.ro\/en\/wp-json\/wp\/v2\/types\/post"}],"author":[{"embeddable":true,"href":"https:\/\/mnlr.ro\/en\/wp-json\/wp\/v2\/users\/8"}],"replies":[{"embeddable":true,"href":"https:\/\/mnlr.ro\/en\/wp-json\/wp\/v2\/comments?post=12297"}],"version-history":[{"count":1,"href":"https:\/\/mnlr.ro\/en\/wp-json\/wp\/v2\/posts\/12297\/revisions"}],"predecessor-version":[{"id":12301,"href":"https:\/\/mnlr.ro\/en\/wp-json\/wp\/v2\/posts\/12297\/revisions\/12301"}],"wp:featuredmedia":[{"embeddable":true,"href":"https:\/\/mnlr.ro\/en\/wp-json\/wp\/v2\/media\/12298"}],"wp:attachment":[{"href":"https:\/\/mnlr.ro\/en\/wp-json\/wp\/v2\/media?parent=12297"}],"wp:term":[{"taxonomy":"category","embeddable":true,"href":"https:\/\/mnlr.ro\/en\/wp-json\/wp\/v2\/categories?post=12297"},{"taxonomy":"post_tag","embeddable":true,"href":"https:\/\/mnlr.ro\/en\/wp-json\/wp\/v2\/tags?post=12297"}],"curies":[{"name":"wp","href":"https:\/\/api.w.org\/{rel}","templated":true}]}}