{"id":12328,"date":"2020-04-23T16:53:26","date_gmt":"2020-04-23T13:53:26","guid":{"rendered":"https:\/\/mnlr.ro\/?p=12328"},"modified":"2020-04-23T16:53:26","modified_gmt":"2020-04-23T13:53:26","slug":"conferinta-contextul-istoric-al-operei-shakespeariene-prof-univ-dr-george-volceanov-ziua-internationala-a-cartii-si-a-drepturilor-de-autor","status":"publish","type":"post","link":"https:\/\/mnlr.ro\/en\/conferinta-contextul-istoric-al-operei-shakespeariene-prof-univ-dr-george-volceanov-ziua-internationala-a-cartii-si-a-drepturilor-de-autor\/","title":{"rendered":"Conferin\u021ba \u201eContextul istoric al operei Shakespeariene\u201d, prof. univ. dr. George Volceanov | Ziua interna\u021bional\u0103 a c\u0103r\u021bii \u0219i a drepturilor de autor"},"content":{"rendered":"<p>V\u0103 invit\u0103m s\u0103 urm\u0103ri\u021bi conferin\u021ba \u201eContextul istoric al operei Shakespeariene\u201d, sus\u021binut\u0103 de prof. univ. dr. George Volceanov, un eveniment organizat, \u00een 2018, de Casa Artelor \u201eDinu Lipatti\u201d, \u00een parteneriat cu Muzeul Na\u021bional al Literaturii Rom\u00e2ne.<\/p>\n<p>\u00cenregistrarea este disponibil\u0103 aici:<\/p>\n<p><a href=\"https:\/\/www.youtube.com\/watch?v=lIJfq8-ZQck&amp;feature=youtu.be\">https:\/\/www.youtube.com\/watch?v=lIJfq8-ZQck&amp;feature=youtu.be<\/a><\/p>","protected":false},"excerpt":{"rendered":"<p>V\u0103 invit\u0103m s\u0103 urm\u0103ri\u021bi conferin\u021ba \u201eContextul istoric al operei Shakespeariene\u201d, sus\u021binut\u0103 de prof. univ. dr. George Volceanov, un eveniment organizat,&#8230;<\/p>","protected":false},"author":8,"featured_media":12329,"comment_status":"closed","ping_status":"closed","sticky":false,"template":"","format":"standard","meta":{"_exactmetrics_skip_tracking":false,"_exactmetrics_sitenote_active":false,"_exactmetrics_sitenote_note":"","_exactmetrics_sitenote_category":0,"footnotes":""},"categories":[37,9,8],"tags":[],"class_list":["post-12328","post","type-post","status-publish","format-standard","has-post-thumbnail","hentry","category-conferinte","category-evenimente","category-recomandari"],"_links":{"self":[{"href":"https:\/\/mnlr.ro\/en\/wp-json\/wp\/v2\/posts\/12328","targetHints":{"allow":["GET"]}}],"collection":[{"href":"https:\/\/mnlr.ro\/en\/wp-json\/wp\/v2\/posts"}],"about":[{"href":"https:\/\/mnlr.ro\/en\/wp-json\/wp\/v2\/types\/post"}],"author":[{"embeddable":true,"href":"https:\/\/mnlr.ro\/en\/wp-json\/wp\/v2\/users\/8"}],"replies":[{"embeddable":true,"href":"https:\/\/mnlr.ro\/en\/wp-json\/wp\/v2\/comments?post=12328"}],"version-history":[{"count":1,"href":"https:\/\/mnlr.ro\/en\/wp-json\/wp\/v2\/posts\/12328\/revisions"}],"predecessor-version":[{"id":12330,"href":"https:\/\/mnlr.ro\/en\/wp-json\/wp\/v2\/posts\/12328\/revisions\/12330"}],"wp:featuredmedia":[{"embeddable":true,"href":"https:\/\/mnlr.ro\/en\/wp-json\/wp\/v2\/media\/12329"}],"wp:attachment":[{"href":"https:\/\/mnlr.ro\/en\/wp-json\/wp\/v2\/media?parent=12328"}],"wp:term":[{"taxonomy":"category","embeddable":true,"href":"https:\/\/mnlr.ro\/en\/wp-json\/wp\/v2\/categories?post=12328"},{"taxonomy":"post_tag","embeddable":true,"href":"https:\/\/mnlr.ro\/en\/wp-json\/wp\/v2\/tags?post=12328"}],"curies":[{"name":"wp","href":"https:\/\/api.w.org\/{rel}","templated":true}]}}