{"id":12568,"date":"2020-05-16T20:08:11","date_gmt":"2020-05-16T17:08:11","guid":{"rendered":"https:\/\/mnlr.ro\/?p=12568"},"modified":"2020-05-16T20:08:11","modified_gmt":"2020-05-16T17:08:11","slug":"remember-marin-preda","status":"publish","type":"post","link":"https:\/\/mnlr.ro\/en\/remember-marin-preda\/","title":{"rendered":"Remember Marin Preda"},"content":{"rendered":"<p>\u00cen urma cu 40 de ani, \u00een 16 mai 1980, lumea literar\u0103, \u0219i nu numai, era zguduit\u0103 de anun\u021bul mor\u021bii fulger\u0103toare a scriitorului Marin Preda.<\/p>\n<p>N\u0103scut \u00een 5 august 1922, \u00een comuna Sili\u0219tea Gume\u0219ti, din Teleorman, Marin Preda a dus o copil\u0103rie marcat\u0103 de lipsuri, al\u0103turi de numero\u0219ii s\u0103i fra\u021bi. Disperarea de a-\u0219i dep\u0103\u0219i condi\u021bia \u00eel face s\u0103 cutreiere diverse locuri din \u021bar\u0103, ca elev bursier.<\/p>\n<p>\u00cen 1941 reu\u0219e\u0219te s\u0103 ob\u021bin\u0103 un post de corector la ziarul \u201eTimpul\u201d. Tot aici va debuta, \u00een<span class=\"text_exposed_show\">\u00a0anul urm\u0103tor, cu o schi\u021b\u0103. \u00cen aceast\u0103 perioad\u0103 exerseaz\u0103, scriind mai multe proze scurte, unele citite cu succes la cenaclul \u201eSbur\u0103torul\u201d, condus de Eugen Lovinescu.<\/span><\/p>\n<div class=\"text_exposed_show\">\n<p>\u00centre 1943 \u0219i 1945 va fi \u00eenrolat \u00een armat\u0103. Volumul s\u0103u de debut, \u201e\u00cent\u00e2lnirea din p\u0103m\u00e2nturi\u201d (1948), \u00eel impune ca un scriitor matur. \u00cen 1956 public\u0103 romanul \u201eMorome\u021bii\u201d, care \u00eei aduce consacrarea \u0219i pentru care prime\u0219te Premiul de Stat.<\/p>\n<p>\u00cen 1954 se va c\u0103s\u0103tori pentru prima oar\u0103, cu poeta Aurora Cornu, de care va divor\u021ba dup\u0103 c\u00e2\u021biva ani (coresponden\u021ba cu aceasta va prilejui \u0219i un excelent volum semnat de Eugen Simion \u0219i publicat de Editura MLR, \u201ePortretul scriitorului \u00eendr\u0103gostit \u2013 Marin Preda\u201d). A mai fost c\u0103s\u0103torit cu Eta Vexler \u0219i apoi cu Elena, cu care a avut \u0219i doi fii \u2013 Nicolae \u0219i Alexandru.<\/p>\n<p>Marin Preda a fost mereu un \u201epersonaj\u201d incomod, fiind obi\u0219nuit s\u0103-\u0219i spun\u0103 r\u0103spicat opiniile. Protejat de soliditatea talentului s\u0103u, reu\u0219e\u0219te s\u0103 fie nu doar un scriitor curajos, ci \u0219i un om de atitudine. Chiar dac\u0103 ajunge la un moment dat deputat \u00een Marea Adunare Na\u021bional\u0103, rela\u021bia lui cu regimul este tensionat\u0103. Romanul \u201eDelirul\u201d st\u00e2rne\u0219te protestele ambasadei sovietice, care \u00eel acuz\u0103 de reabilitarea figurii mare\u0219alului Ion Antonescu, ceea ce duce la retragerea c\u0103r\u021bii din libr\u0103rii.<\/p>\n<p>Ca director al Editurii Cartea Rom\u00e2neasc\u0103, public\u0103 \u0219i \u00eencurajeaz\u0103 mai mul\u021bi scriitori stigmatiza\u021bi de regim, ceea ce \u00eei atrage presiuni suplimentare. Marin Preda obi\u0219nuia s\u0103 petreac\u0103 perioade lungi de timp la Casa de crea\u021bie a Uniunii Scriitorilor de la Mogo\u0219oaia, unde avea o camer\u0103 \u00eenchiriat\u0103 permanent. Aici a scris mai multe c\u0103r\u021bi importante, printre care \u0219i ultimul s\u0103u roman, \u201eCel mai iubit dintre p\u0103m\u00e2nteni\u201d. Cartea avut un succes uria\u0219, la evenimentul de lansare provoc\u00e2nd adev\u0103rate busculade \u00een libr\u0103rii. Dup\u0103 doar c\u00e2teva s\u0103pt\u0103m\u00e2ni, cenzura \u00eel va retrage de la comercializare. Opera lui Marin Preda suscit\u0103 \u0219i ast\u0103zi un mare interes, dovad\u0103 fiind un film recent, ecranizare a celui de-al doilea volum al romanului \u201eMorome\u021bii\u201d, \u201ecel mai a\u0219teptat film al anului 2018\u201d, cu Hora\u021biu M\u0103l\u0103ele \u00een rolul principal.<\/p>\n<p>Text scris de Radu B\u0103ie\u0219u, regizor de teatru, redactor al Editurii MLR, muzeograf<br \/>\nFoto: Marin Preda la masa de lucru, iunie, 1973, Arhiva MNLR<\/p>\n<\/div>","protected":false},"excerpt":{"rendered":"<p>\u00cen urma cu 40 de ani, \u00een 16 mai 1980, lumea literar\u0103, \u0219i nu numai, era zguduit\u0103 de anun\u021bul mor\u021bii&#8230;<\/p>","protected":false},"author":8,"featured_media":12569,"comment_status":"closed","ping_status":"closed","sticky":false,"template":"","format":"standard","meta":{"_exactmetrics_skip_tracking":false,"_exactmetrics_sitenote_active":false,"_exactmetrics_sitenote_note":"","_exactmetrics_sitenote_category":0,"footnotes":""},"categories":[23,9,12,10,8],"tags":[],"class_list":["post-12568","post","type-post","status-publish","format-standard","has-post-thumbnail","hentry","category-aniversari-si-evocari","category-evenimente","category-evocari","category-portrete","category-recomandari"],"_links":{"self":[{"href":"https:\/\/mnlr.ro\/en\/wp-json\/wp\/v2\/posts\/12568","targetHints":{"allow":["GET"]}}],"collection":[{"href":"https:\/\/mnlr.ro\/en\/wp-json\/wp\/v2\/posts"}],"about":[{"href":"https:\/\/mnlr.ro\/en\/wp-json\/wp\/v2\/types\/post"}],"author":[{"embeddable":true,"href":"https:\/\/mnlr.ro\/en\/wp-json\/wp\/v2\/users\/8"}],"replies":[{"embeddable":true,"href":"https:\/\/mnlr.ro\/en\/wp-json\/wp\/v2\/comments?post=12568"}],"version-history":[{"count":1,"href":"https:\/\/mnlr.ro\/en\/wp-json\/wp\/v2\/posts\/12568\/revisions"}],"predecessor-version":[{"id":12570,"href":"https:\/\/mnlr.ro\/en\/wp-json\/wp\/v2\/posts\/12568\/revisions\/12570"}],"wp:featuredmedia":[{"embeddable":true,"href":"https:\/\/mnlr.ro\/en\/wp-json\/wp\/v2\/media\/12569"}],"wp:attachment":[{"href":"https:\/\/mnlr.ro\/en\/wp-json\/wp\/v2\/media?parent=12568"}],"wp:term":[{"taxonomy":"category","embeddable":true,"href":"https:\/\/mnlr.ro\/en\/wp-json\/wp\/v2\/categories?post=12568"},{"taxonomy":"post_tag","embeddable":true,"href":"https:\/\/mnlr.ro\/en\/wp-json\/wp\/v2\/tags?post=12568"}],"curies":[{"name":"wp","href":"https:\/\/api.w.org\/{rel}","templated":true}]}}