{"id":13030,"date":"2020-06-05T17:02:35","date_gmt":"2020-06-05T14:02:35","guid":{"rendered":"https:\/\/mnlr.ro\/?p=13030"},"modified":"2020-06-05T17:24:10","modified_gmt":"2020-06-05T14:24:10","slug":"remember-nicolae-iorga","status":"publish","type":"post","link":"https:\/\/mnlr.ro\/en\/remember-nicolae-iorga\/","title":{"rendered":"Remember Nicolae Iorga"},"content":{"rendered":"<p>Nicolae Iorga s-a n\u0103scut la 5 iunie 1871, la Boto\u0219ani. \u00cenc\u0103 de copil \u00ee\u0219i arat\u0103 extraordinara capacitate intelectual\u0103, \u00eenv\u0103\u021b\u00e2nd mai multe limbi str\u0103ine (francez\u0103, italian\u0103, latin\u0103 \u0219i greac\u0103) \u0219i uimindu-\u0219i profesorii cu erudi\u021bia sa precoce. La v\u00e2rsta de nou\u0103 ani le preda colegilor istoria Rom\u00e2niei, sub privirile uimite ale profesorului s\u0103u. Va absolvi Facultatea de Litere de la Universitatea din Ia\u0219i \u00een doar un an, cu o lucrare de licen\u021b\u0103 despre literatura greac\u0103, impresion\u00e2nd mediul academic. Ca urmare a demersului f\u0103cut de trei academicieni, printre care \u0219i A. D. Xenopol, este trimis s\u0103-\u0219i continue studiile la Paris, Berlin \u0219i Leipzig, lu\u00e2ndu-\u0219i doctoratul \u00een 1893, la doar 23 de ani. Cu aceast\u0103 ocazie va \u00eenv\u0103\u021ba limbile englez\u0103 \u0219i german\u0103. \u00cen pres\u0103 a debutat precoce, la doar 13 ani. A devenit membru al \u201eJunimii\u201d, condus\u0103 de Titu Maiorescu, public\u00e2nd mai multe articole \u00een revista \u201eConvorbiri literare\u201d. De altfel, \u00a0colaboreaz\u0103 cu numeroase alte publica\u021bii, cu articole literare sau politice, inclusiv cu revista \u201eContemporanul\u201d. Debuteaz\u0103 ca poet, cu volumul \u201ePoezii\u201d (1890-1893). \u00centors \u00een \u021bar\u0103 dup\u0103 periplul european, va reu\u0219i s\u0103 ob\u021bin\u0103 un post de profesor suplinitor de istorie la Universitatea din Bucure\u0219ti, ceea ce era o reu\u0219it\u0103 remarcabil\u0103 pentru un t\u00e2n\u0103r de doar 23 de ani. \u00cen 1895 va izbuti s\u0103 devin\u0103 profesor titular de istorie universal\u0103. \u00centre timp, este tot mai preocupat de intrarea \u00een politic\u0103, nu doar de cariera de istoric. Devine apropiat de Partidul Conservator, dar \u0219i de A. C. Cuza, fiind inamicul declarat al liberalilor. De altfel, el reu\u0219e\u0219te s\u0103 ob\u021bin\u0103 un loc de deputat \u00een 1905. Dup\u0103 o lung\u0103 colaborare cu revista \u201eS\u0103m\u0103n\u0103torul\u201d, \u00ee\u0219i \u00eenfiin\u021beaz\u0103 propria revist\u0103, \u201eNeamul rom\u00e2nesc\u201d, de orientare na\u021bionalist\u0103. Reprimarea r\u0103scoalei de la 1907 de c\u0103tre guvernul liberal \u00eei provoac\u0103 reac\u021bii puternice. Scrie pamfletul \u201eDumnezeu s\u0103-i ierte\u201d \u0219i sus\u021bine o serie de conferin\u021be despre problema agriculturii \u0219i a \u00eenapoierii \u021b\u0103ranilor rom\u00e2ni, ale c\u0103ror \u00eencas\u0103ri urmau s\u0103 ajute victimele represiunii. \u00cen 1910 \u00eenfiin\u021beaz\u0103, al\u0103turi de A. C. Cuza, Partidul Na\u021bionalist Democratic. \u00cen tot acest timp scrie enorm, public\u00e2nd numeroase lucr\u0103ri de istorie, critic\u0103 literar\u0103 \u0219i chiar teatru, drame istorice av\u00e2nd ca figuri centrale personaje ca Mihai Viteazul sau \u0218tefan cel Mare (de-a lungul vie\u021bii, a publicat nu mai pu\u021bin de 45 de piese, multe dintre ele jucate). Militant declarat pentru unirea Transilvaniei \u0219i a celorlalte teritorii de\u021binute de Austro-Ungaria cu Rom\u00e2nia, va sus\u021bine puternic intrarea Rom\u00e2niei \u00een Primul R\u0103zboi Mondial de partea Antantei, at\u00e2t ca membru al Parlamentului, c\u00e2t \u0219i ca persoan\u0103 public\u0103. Dup\u0103 catastrofala campanie militar\u0103 din 1916, se va refugia la Ia\u0219i, unde va continua s\u0103 predea \u0219i s\u0103 scrie texte patriotice. Va fi unul dintre criticii umilitorului Tratat de pace \u00eencheiat cu Puterile Centrale \u0219i va refuza s\u0103 se \u00eentoarc\u0103 la catedra din Bucure\u0219ti at\u00e2ta timp c\u00e2t ora\u0219ul era ocupat de armata german\u0103. Dup\u0103 r\u0103zboi s-a implicat activ \u00een via\u021ba cultural\u0103 \u0219i universitar\u0103 a noii provincii rom\u00e2ne\u0219ti Transilvania. \u00cen toat\u0103 perioada interbelic\u0103 a continuat s\u0103 publice c\u0103r\u021bi de istorie, memorialistic\u0103, dar \u0219i piese de teatru, fiindu-i oferite numeroase distinc\u021bii \u0219i onoruri de c\u0103tre lumea academic\u0103 european\u0103. Printre nenum\u0103ratele lui c\u0103l\u0103torii didactice sau de documentare, se num\u0103r\u0103 \u0219i o ampl\u0103 expedi\u021bie \u00een America, unde este primit chiar de pre\u0219edintele Herbert Hoover. \u00cen 1931 va deveni prim-ministru, la rug\u0103mintea regelui Carol al II-lea, pe care \u00eel avusese c\u00e2ndva ca discipol, la \u0219coala sa de la V\u0103leni. Cu aceast\u0103 ocazie intr\u0103 \u00een conflict cu Garda de Fier \u0219i conduc\u0103torul acesteia, Corneliu Zelea-Codreanu. Deja nu mai ocupa func\u021bia de prim-ministru, el va critica dur Garda de Fier dup\u0103 omor\u00e2rea lui I. G. Duca, f\u0103r\u0103 s\u0103 \u0219tie c\u0103 \u00eel a\u0219tepta aceea\u0219i soart\u0103. \u00cen ziua de 27 noiembrie 1940 a fost ridicat din vila sa de la Sinaia de un grup de legionari \u0219i \u00eempu\u0219cat \u00een p\u0103durea de la Stejnicu. Opera lui Iorga este uria\u0219\u0103, neegalat\u0103 de niciun scriitor sau c\u0103rturar rom\u00e2n. La 24 de ani devenea membru corespondent al Academiei Rom\u00e2ne, iar istoria Rom\u00e2niei nu poate fi \u00een\u021beleas\u0103 f\u0103r\u0103 aportul lui. A scris 1250 de c\u0103r\u021bi \u0219i aproximativ 25000 de articole, dintre care \u201eStudii \u0219i documente cu privire la istoria rom\u00e2nilor\u201d \u00een 25 de volume, memorii, c\u0103r\u021bi de istorie literar\u0103, \u201eIstoria literaturii rom\u00e2ne\u0219ti\u201d \u00een trei volume, \u201eIstoria literaturii religioase a rom\u00e2nilor p\u00e2n\u0103 la 1688\u201d \u0219i multe altele. Un uria\u0219 care \u0219i-a dominat contemporanii printr-o colosal\u0103 putere de munc\u0103, dublat\u0103 de o cunoa\u0219tere enciclopedic\u0103 a istoriei rom\u00e2ne\u0219ti \u0219i o imens\u0103 ambi\u021bie.<\/p>\n<p>Text de Radu B\u0103ie\u0219u, redactor \u0219i muzeograf, MNLR<\/p>\n<p>Fotografie: Nicolae Iorga, arhiva MNLR<\/p>","protected":false},"excerpt":{"rendered":"<p>Nicolae Iorga s-a n\u0103scut la 5 iunie 1871, la Boto\u0219ani. \u00cenc\u0103 de copil \u00ee\u0219i arat\u0103 extraordinara capacitate intelectual\u0103, \u00eenv\u0103\u021b\u00e2nd mai&#8230;<\/p>","protected":false},"author":8,"featured_media":13031,"comment_status":"closed","ping_status":"closed","sticky":false,"template":"","format":"standard","meta":{"_exactmetrics_skip_tracking":false,"_exactmetrics_sitenote_active":false,"_exactmetrics_sitenote_note":"","_exactmetrics_sitenote_category":0,"footnotes":""},"categories":[32,9,52,12,10],"tags":[],"class_list":["post-13030","post","type-post","status-publish","format-standard","has-post-thumbnail","hentry","category-educatie-muzeala","category-evenimente","category-evenimente-on-line","category-evocari","category-portrete"],"_links":{"self":[{"href":"https:\/\/mnlr.ro\/en\/wp-json\/wp\/v2\/posts\/13030","targetHints":{"allow":["GET"]}}],"collection":[{"href":"https:\/\/mnlr.ro\/en\/wp-json\/wp\/v2\/posts"}],"about":[{"href":"https:\/\/mnlr.ro\/en\/wp-json\/wp\/v2\/types\/post"}],"author":[{"embeddable":true,"href":"https:\/\/mnlr.ro\/en\/wp-json\/wp\/v2\/users\/8"}],"replies":[{"embeddable":true,"href":"https:\/\/mnlr.ro\/en\/wp-json\/wp\/v2\/comments?post=13030"}],"version-history":[{"count":1,"href":"https:\/\/mnlr.ro\/en\/wp-json\/wp\/v2\/posts\/13030\/revisions"}],"predecessor-version":[{"id":13032,"href":"https:\/\/mnlr.ro\/en\/wp-json\/wp\/v2\/posts\/13030\/revisions\/13032"}],"wp:featuredmedia":[{"embeddable":true,"href":"https:\/\/mnlr.ro\/en\/wp-json\/wp\/v2\/media\/13031"}],"wp:attachment":[{"href":"https:\/\/mnlr.ro\/en\/wp-json\/wp\/v2\/media?parent=13030"}],"wp:term":[{"taxonomy":"category","embeddable":true,"href":"https:\/\/mnlr.ro\/en\/wp-json\/wp\/v2\/categories?post=13030"},{"taxonomy":"post_tag","embeddable":true,"href":"https:\/\/mnlr.ro\/en\/wp-json\/wp\/v2\/tags?post=13030"}],"curies":[{"name":"wp","href":"https:\/\/api.w.org\/{rel}","templated":true}]}}