{"id":13224,"date":"2020-06-20T19:00:03","date_gmt":"2020-06-20T16:00:03","guid":{"rendered":"https:\/\/mnlr.ro\/?p=13224"},"modified":"2020-06-20T12:57:28","modified_gmt":"2020-06-20T09:57:28","slug":"remember-emil-cioran-conferinta-si-totusi-de-ce-nu-s-a-sinucis-cioran-ion-vartic","status":"publish","type":"post","link":"https:\/\/mnlr.ro\/en\/remember-emil-cioran-conferinta-si-totusi-de-ce-nu-s-a-sinucis-cioran-ion-vartic\/","title":{"rendered":"Remember Emil Cioran | Conferin\u021ba \u201e\u0218i, totu\u0219i, de ce nu s-a sinucis Cioran?\u201d | Ion Vartic"},"content":{"rendered":"<p>Emil Cioran, \u201escepticul de serviciu\u201d, a\u0219a cum s-a autointitulat, a fost un apologet al sinuciderii, f\u0103r\u0103 s\u0103 recurg\u0103 la acest ultim gest al suprim\u0103rii. Plec\u00e2nd de la aceast\u0103 premis\u0103, conferen\u021biarul Ion Vartic v\u0103 invit\u0103 s\u0103 explora\u021bi una dintre temele importante abordate de filosoful rom\u00e2n, \u201eun mare poet al regresiunii\u201d, parcurg\u00e2nd traseele biografice \u00een oglind\u0103 cu fragmente din c\u0103r\u021bile sale \u0219i subliniind conexiunile acestora cu scrierile din literatura universal\u0103.<\/p>\n<p><iframe loading=\"lazy\" title=\"Conferin\u021ba \u201e\u0218i, totu\u0219i, de ce nu s-a sinucis Cioran?\u201d | Ion Vartic\" src=\"https:\/\/player.vimeo.com\/video\/430813807?dnt=1&amp;app_id=122963\" width=\"500\" height=\"281\" frameborder=\"0\" allow=\"autoplay; fullscreen; picture-in-picture; clipboard-write\"><\/iframe><\/p>","protected":false},"excerpt":{"rendered":"<p>Emil Cioran, \u201escepticul de serviciu\u201d, a\u0219a cum s-a autointitulat, a fost un apologet al sinuciderii, f\u0103r\u0103 s\u0103 recurg\u0103 la acest&#8230;<\/p>","protected":false},"author":8,"featured_media":0,"comment_status":"closed","ping_status":"closed","sticky":false,"template":"","format":"standard","meta":{"_exactmetrics_skip_tracking":false,"_exactmetrics_sitenote_active":false,"_exactmetrics_sitenote_note":"","_exactmetrics_sitenote_category":0,"footnotes":""},"categories":[23,9,12,10],"tags":[],"class_list":["post-13224","post","type-post","status-publish","format-standard","hentry","category-aniversari-si-evocari","category-evenimente","category-evocari","category-portrete"],"_links":{"self":[{"href":"https:\/\/mnlr.ro\/en\/wp-json\/wp\/v2\/posts\/13224","targetHints":{"allow":["GET"]}}],"collection":[{"href":"https:\/\/mnlr.ro\/en\/wp-json\/wp\/v2\/posts"}],"about":[{"href":"https:\/\/mnlr.ro\/en\/wp-json\/wp\/v2\/types\/post"}],"author":[{"embeddable":true,"href":"https:\/\/mnlr.ro\/en\/wp-json\/wp\/v2\/users\/8"}],"replies":[{"embeddable":true,"href":"https:\/\/mnlr.ro\/en\/wp-json\/wp\/v2\/comments?post=13224"}],"version-history":[{"count":2,"href":"https:\/\/mnlr.ro\/en\/wp-json\/wp\/v2\/posts\/13224\/revisions"}],"predecessor-version":[{"id":13226,"href":"https:\/\/mnlr.ro\/en\/wp-json\/wp\/v2\/posts\/13224\/revisions\/13226"}],"wp:attachment":[{"href":"https:\/\/mnlr.ro\/en\/wp-json\/wp\/v2\/media?parent=13224"}],"wp:term":[{"taxonomy":"category","embeddable":true,"href":"https:\/\/mnlr.ro\/en\/wp-json\/wp\/v2\/categories?post=13224"},{"taxonomy":"post_tag","embeddable":true,"href":"https:\/\/mnlr.ro\/en\/wp-json\/wp\/v2\/tags?post=13224"}],"curies":[{"name":"wp","href":"https:\/\/api.w.org\/{rel}","templated":true}]}}