{"id":13284,"date":"2020-06-27T13:12:00","date_gmt":"2020-06-27T10:12:00","guid":{"rendered":"https:\/\/mnlr.ro\/?p=13284"},"modified":"2020-06-29T13:53:17","modified_gmt":"2020-06-29T10:53:17","slug":"cercul-literar-de-la-sibiu-generatia-recuperata","status":"publish","type":"post","link":"https:\/\/mnlr.ro\/en\/cercul-literar-de-la-sibiu-generatia-recuperata\/","title":{"rendered":"Cercul Literar de la Sibiu &#8211; Genera\u021bia Recuperat\u0103"},"content":{"rendered":"<p><strong>Centenare cerchiste<\/strong><\/p>\n<p>Importan\u021ba Cercului Literar de la Sibiu (CLS), creat \u00een perioada ultimului r\u0103zboi mondial (1943), r\u0103m\u00e2ne \u0219i ast\u0103zi central\u0103 pentru cultura rom\u00e2n\u0103. Benefica sintez\u0103 pe care au propus-o \u0219i au realizat-o cerchi\u0219tii, \u00eentre junimismul maiorescian \u015fi direc\u021bia creatoare inspirat\u0103 de <em>Sbur\u0103torul<\/em> lovinescian, r\u0103m\u00e2ne f\u0103r\u0103 precedent \u00een istoria literaturii rom\u00e2ne. Ea a dat o grupare literar\u0103 important\u0103 \u0219i a contribuit la formarea unor scriitori de anvergur\u0103: al\u0103turi de Radu Stanca, liderul teoretic al grup\u0103rii, eseist, dramaturg \u0219i teoretician al teatrului, I. Negoi\u021bescu, un critic literar extrem de original \u0219i inovator, \u0219i \u0218tefan Aug. Doina\u0219, poet de dimensiune european\u0103, eseist, teoretician \u0219i critic de poezie; \u00eempreun\u0103 cu ei \u2013 prozatorul I. D. S\u00eerbu \u2013 marea revela\u021bie a anilor \u201990, criticul \u0219i istoricul literar Nicolae Balot\u0103, redat cititorilor \u00een anii din urm\u0103 \u0219i ca autor al unei excep\u021bionale proze memorialistice; criticii Ovidiu Cotru\u0219, Cornel Regman \u0219i Eugen Todoran, poe\u021bii \u0219i admirabilii traduc\u0103tori Eta Boeriu, Ioanichie Olteanu \u0219i Wolf von Aichelburg, filosoful Titus Mocanu, istoricul de art\u0103 Deliu Petroiu, Radu Enescu \u0219i al\u021bii \u00eenc\u0103.<\/p>\n<p>Prin program \u0219i oper\u0103, membrii CLS sunt, structural, europeni. Crea\u021bia lor este unul dintre capitolele care legitimeaz\u0103 cultura rom\u00e2n\u0103 ca fiind una a valorilor europene. Dup\u0103 aproape 70 de ani de la instalarea regimului comunist, cu efecte dezastruoase pentru existen\u021ba membrilor CLS (majoritatea acestora au fost victimele unor procese \u00eenscenate politic \u0219i ai anilor grei de deten\u021bie), acest capitol al culturii rom\u00e2ne continu\u0103 s\u0103 con\u021bin\u0103 necunoscute.<\/p>\n<p>\u201eDac\u0103 totalitarismul de extrem\u0103 st\u00e2ng\u0103 nu i-ar fi retezat libera cre\u0219tere\u201d \u2013 avea s\u0103 spun\u0103 criticul \u0219i istoricul literar Ion Vartic (\u00een \u201eCuv\u00e2nt \u00eenainte\u201d la <em>Aquarium, eseuri programatice<\/em>\u00a0de Radu Stanca, Editura Tracus Arte, 2012), \u2013 genera\u021bia cerchi\u0219tilor \u201ear fi \u00eensemnat, pentru Rom\u00e2nia, maturitatea spiritului creator, european \u0219i democrat [\u2026] \u201d.<\/p>\n<p>Cu destine fr\u00e2nte de dictatur\u0103, cerchi\u0219tii \u00eenving teroarea politic\u0103 prin bog\u0103\u021bia \u0219i importan\u021ba operei l\u0103sate posterit\u0103\u021bii, dovedind c\u0103 sunt, nu o genera\u021bie pierdut\u0103, ci una recuperat\u0103.<\/p>\n<p>Prin proiectul Funda\u021biei Culturale Secolul 21, co-finan\u021bat de Administra\u021bia Fondului Cultural Na\u021bional, \u0219i prin parteneriatul cu Muzeul Na\u021bional al Literaturii Rom\u00e2ne, vor fi organizate trei dezbateri, care vor fi difuzate on-line, \u00een perioada 29 iunie \u2013 1 iulie 2020, de la ora 19.00, prin intermediul paginii de Facebook a MNLR. \u00cen cadrul acestui proiect va fi prezentat\u0103 \u0219i video-expozi\u021bia \u201eCercul literar: de la Sibiu la MNLR\u201d, care valorific\u0103 documente din arhiva MNLR \u0219i din fondul Funda\u021biei Culturale Secolul 21. Materialele vor fi disponibile \u0219i pe noua platform\u0103 a MNLR, culturaindirect.ro.<\/p>\n<p><strong><u>Tematica zilei de 29 iunie 2020<\/u><\/strong><\/p>\n<p><strong>Manifestul Cercului Literar de la Sibiu; Cercul Literar de la Sibiu \u0219i teatrul;\u00a0La final de centenar I.D. S\u00eerbu (2019);\u00a0Centenar Radu Stanca (2020)<\/strong><\/p>\n<p><strong>Invita\u021bi<\/strong>: Ion Vartic, critic \u0219i istoric literar, Cosmin Ciotlo\u0219, critic literar, Alina Ledeanu, director al revistei Secolul 21 \u0219i coordonator al proiectului<\/p>\n<p>Moderator: Ioan Cristescu, directorul MNLR<\/p>\n<p><strong><u>Tematica zilei de 30 iunie 2020<\/u><\/strong><\/p>\n<p><strong>Citirea \u0219i recitirea literaturii rom\u00e2ne la Cercul Literar de la Sibiu \u2013 \u00een preg\u0103tirea centenarului I. Negoi\u021bescu (2021) \u2013 Poezia lui Eminescu; Istoria Literaturii Rom\u00e2ne de I. Negoi\u021bescu<\/strong><\/p>\n<p><strong>Invita\u021bi:<\/strong> Carmen Mu\u0219at, critic literar, director al revistei \u201eObservator Cultural\u201d, Ioan Cristescu, directorul MNLR, Ion Vianu, scriitor, Cosmin Ciotlo\u0219, critic literar<\/p>\n<p>Moderator: Alina Ledeanu<\/p>\n<p><strong><u>Tematica zilei de 1 iulie 2020<\/u><\/strong><\/p>\n<p><strong>Cerchi\u0219tii sub vremuri \u2013 \u00eentre op\u021biunea estetic\u0103 \u0219i aceea socio-politic\u0103; Doina\u0219 \u0219i lupta cu \/ pentru limba rom\u00e2n\u0103. \u00cen preg\u0103tirea centenarului \u0218tefan Aug. Doina\u0219 (2022)<\/strong><\/p>\n<p><strong>Invitat:<\/strong> Gelu Ionescu, critic literar, Ioan Cristescu, directorul MNLR, Cosmin Ciotlo\u0219, critic literar<\/p>\n<p>Moderator: Alina Ledeanu<\/p>\n<p>***<br \/>\nProiectul nu reprezint\u0103 \u00een mod necesar pozi\u0163ia Administra\u0163iei Fondului Cultural Na\u0163ional. AFCN nu este responsabil\u0103 de con\u0163inutul proiectului sau de modul \u00een care rezultatele proiectului pot fi folosite. Acestea sunt \u00een \u00eentregime responsabilitatea beneficiarului finan\u0163\u0103rii.<\/p>\n<p dir=\"ltr\">\n","protected":false},"excerpt":{"rendered":"<p>Centenare cerchiste Importan\u021ba Cercului Literar de la Sibiu (CLS), creat \u00een perioada ultimului r\u0103zboi mondial (1943), r\u0103m\u00e2ne \u0219i ast\u0103zi central\u0103&#8230;<\/p>","protected":false},"author":8,"featured_media":13294,"comment_status":"closed","ping_status":"closed","sticky":false,"template":"","format":"standard","meta":{"_exactmetrics_skip_tracking":false,"_exactmetrics_sitenote_active":false,"_exactmetrics_sitenote_note":"","_exactmetrics_sitenote_category":0,"footnotes":""},"categories":[9],"tags":[],"class_list":["post-13284","post","type-post","status-publish","format-standard","has-post-thumbnail","hentry","category-evenimente"],"_links":{"self":[{"href":"https:\/\/mnlr.ro\/en\/wp-json\/wp\/v2\/posts\/13284","targetHints":{"allow":["GET"]}}],"collection":[{"href":"https:\/\/mnlr.ro\/en\/wp-json\/wp\/v2\/posts"}],"about":[{"href":"https:\/\/mnlr.ro\/en\/wp-json\/wp\/v2\/types\/post"}],"author":[{"embeddable":true,"href":"https:\/\/mnlr.ro\/en\/wp-json\/wp\/v2\/users\/8"}],"replies":[{"embeddable":true,"href":"https:\/\/mnlr.ro\/en\/wp-json\/wp\/v2\/comments?post=13284"}],"version-history":[{"count":12,"href":"https:\/\/mnlr.ro\/en\/wp-json\/wp\/v2\/posts\/13284\/revisions"}],"predecessor-version":[{"id":13305,"href":"https:\/\/mnlr.ro\/en\/wp-json\/wp\/v2\/posts\/13284\/revisions\/13305"}],"wp:featuredmedia":[{"embeddable":true,"href":"https:\/\/mnlr.ro\/en\/wp-json\/wp\/v2\/media\/13294"}],"wp:attachment":[{"href":"https:\/\/mnlr.ro\/en\/wp-json\/wp\/v2\/media?parent=13284"}],"wp:term":[{"taxonomy":"category","embeddable":true,"href":"https:\/\/mnlr.ro\/en\/wp-json\/wp\/v2\/categories?post=13284"},{"taxonomy":"post_tag","embeddable":true,"href":"https:\/\/mnlr.ro\/en\/wp-json\/wp\/v2\/tags?post=13284"}],"curies":[{"name":"wp","href":"https:\/\/api.w.org\/{rel}","templated":true}]}}