{"id":1332,"date":"2017-07-31T15:05:32","date_gmt":"2017-07-31T12:05:32","guid":{"rendered":"http:\/\/mnlr.ro\/?p=1332"},"modified":"2017-07-31T15:22:34","modified_gmt":"2017-07-31T12:22:34","slug":"ioana-baldea-constantinescu-la-intalniri-cu-prozatoare-contemporane","status":"publish","type":"post","link":"https:\/\/mnlr.ro\/en\/ioana-baldea-constantinescu-la-intalniri-cu-prozatoare-contemporane\/","title":{"rendered":"Ioana B\u00e2ldea Constantinescu la \u201e\u00cent\u00e2lniri cu prozatoare contemporane\u201d"},"content":{"rendered":"<p><strong>Mar\u021bi, 1 august, de la ora 18.00, ave\u021bi \u0219ansa s\u0103 o \u00eent\u00e2lni\u021bi pe scriitoarea Ioana B\u00e2ldea Constantinescu \u00een cadrul edi\u021biilor dedicate <em>\u00cent\u00e2lnirilor cu prozatoare contemporane <\/em>de la MNLR. Proiectul face parte dintr-o campanie ampl\u0103 a <em>Romanian Literature Now<\/em>.<\/strong><\/p>\n<p><strong>IOANA B\u00c2LDEA CONSTANTINESCU<\/strong>\u00a0s-a n\u0103scut \u00een 1979 \u00een Bucure\u015fti. A absolvit Facultatea de Limbi \u015fi Literaturi Str\u0103ine a Universit\u0103\u0163ii din Bucure\u015fti, specializarea englez\u0103\u2013spaniol\u0103, \u015fi un masterat \u00een studii culturale americane la aceea\u015fi facultate. Din 2001 p\u00e2n\u0103 \u00een prezent, lucreaz\u0103 ca jurnalist \u00een cadrul Societ\u0103\u0163ii Rom\u00e2ne de Radiodifuziune. Dintre emisiunile produse sau moderate se disting <em>StoryMania<\/em>, <em>5th Avenue<\/em>, <em>Ora\u015ful Vorbe\u015fte <\/em>(individual), <em>Espresso<\/em> (\u00een colaborare). Andrew Solomon, David Mitchell, Elizabeth Gilbert, Isabel Allende, Evgheni Vodolazkin, David Lodge, Jonathan Safran Foer, Nicole Krauss, Care Santos, Sarah Dunant, Alain de Botton sunt numai c\u00e2teva din personalit\u0103\u021bile intervievate. Expune, de asemenea, instala\u0163ii audio: <em>Sycorax<\/em> (obiect virtual \u00een cadrul proiectului de art\u0103 contemporan\u0103 <em>Contemporary Nightmares<\/em>, iulie 2010), <em>I Wear My Ego On My Face<\/em> (la T\u00e2rgul de Bijuterie Contemporan\u0103, Sala Dalles, noiembrie 2012), <em>Ora\u015ful cu cercel de perl\u0103<\/em> (la T\u00e2rgul de Bijuterie Contemporan\u0103, Sala Dalles, noiembrie 2013, proiect audio realizat \u00een colaborare cu <em>Victoria &amp; Albert Museum<\/em>, Londra). \u00cen octombrie 2015 sus\u021bine, \u00een cadrul festivalului de documentar rom\u00e2nesc DOCUART FEST, un masterclass cu tema \u201eRadioDocumentarul: Imagini audio. Obiecte sonore. Incursiune \u00een <em>feature<\/em>-ul radiofonic.\u201d Distinc\u021bii: IFC 2010 \u2013 includerea documentarului <em>A Day with Jonathan Safran Foer<\/em> \u00een selec\u021bia final\u0103 a produc\u021biilor audio care fac obiectul Conferin\u021bei Interna\u021bionale de Feature organizat\u0103 de EBU-UER la H\u00e4meenlinna, Finlanda, 9-13 mai 2010. <em>Third Coast Audio Festival, Shortdocs 2010 Wall of Honour<\/em> pentru <em>Chain of Missing Links: A Week at the Airport, featuring Alain de Botton, Book Odds Challenge, 2010<\/em>. Colaboreaz\u0103 cu articole, recenzii, cronici de c\u0103l\u0103torie, interviuri pentru\u00a0<em>Liternet.ro<\/em>,\u00a0<em>Esquire<\/em>, <em>Harper\u2019s Bazaar<\/em>, <em>Elle<\/em>, <em>The One<\/em>, <em>Cosmopolitan<\/em>, <em>PLURAL<\/em>, <em>Jurnalul Na\u021bional<\/em> \u2013 BPT: prefa\u021b\u0103 \u0219i note critice la romanul <em>Nimeni al\u0103turi de mine<\/em>, de Nadine Gordimer, Editura Art,\u00a0 2012. Traduce din englez\u0103 <em>Povestea lui Peter Iepura\u0219ul<\/em>, de Beatrix Potter (Editura Art, 2013) \u0219i din francez\u0103 volumul <em>12 creatoare care au schimbat istoria<\/em>, de Bertrand Meyer-Stabley (Editura Baroque Books and Arts, 2014). \u00cen martie 2015 \u00eei apare, la Editura Humanitas, volumul de proz\u0103 <em>Dincolo de portocali<\/em>, nominalizat, \u00een 2016, la Premiile revistei <em>Observator Cultural.\u00a0<\/em>\u00cen 2017 public\u0103, la aceea\u0219i editur\u0103, romanul <em>Nautilus<\/em>.<\/p>\n<p><strong>Evenimentul este organizat\u00a0de Prim\u0103ria Municipiului Bucure\u0219ti prin Muzeul Na\u021bional al Literaturii Rom\u00e2ne.<\/strong><\/p>","protected":false},"excerpt":{"rendered":"<p>Mar\u021bi, 1 august, de la ora 18.00, ave\u021bi \u0219ansa s\u0103 o \u00eent\u00e2lni\u021bi pe scriitoarea Ioana B\u00e2ldea Constantinescu \u00een cadrul edi\u021biilor&#8230;<\/p>","protected":false},"author":1,"featured_media":1333,"comment_status":"closed","ping_status":"closed","sticky":false,"template":"","format":"standard","meta":{"_exactmetrics_skip_tracking":false,"_exactmetrics_sitenote_active":false,"_exactmetrics_sitenote_note":"","_exactmetrics_sitenote_category":0,"footnotes":""},"categories":[9],"tags":[],"class_list":["post-1332","post","type-post","status-publish","format-standard","has-post-thumbnail","hentry","category-evenimente"],"_links":{"self":[{"href":"https:\/\/mnlr.ro\/en\/wp-json\/wp\/v2\/posts\/1332","targetHints":{"allow":["GET"]}}],"collection":[{"href":"https:\/\/mnlr.ro\/en\/wp-json\/wp\/v2\/posts"}],"about":[{"href":"https:\/\/mnlr.ro\/en\/wp-json\/wp\/v2\/types\/post"}],"author":[{"embeddable":true,"href":"https:\/\/mnlr.ro\/en\/wp-json\/wp\/v2\/users\/1"}],"replies":[{"embeddable":true,"href":"https:\/\/mnlr.ro\/en\/wp-json\/wp\/v2\/comments?post=1332"}],"version-history":[{"count":2,"href":"https:\/\/mnlr.ro\/en\/wp-json\/wp\/v2\/posts\/1332\/revisions"}],"predecessor-version":[{"id":1340,"href":"https:\/\/mnlr.ro\/en\/wp-json\/wp\/v2\/posts\/1332\/revisions\/1340"}],"wp:featuredmedia":[{"embeddable":true,"href":"https:\/\/mnlr.ro\/en\/wp-json\/wp\/v2\/media\/1333"}],"wp:attachment":[{"href":"https:\/\/mnlr.ro\/en\/wp-json\/wp\/v2\/media?parent=1332"}],"wp:term":[{"taxonomy":"category","embeddable":true,"href":"https:\/\/mnlr.ro\/en\/wp-json\/wp\/v2\/categories?post=1332"},{"taxonomy":"post_tag","embeddable":true,"href":"https:\/\/mnlr.ro\/en\/wp-json\/wp\/v2\/tags?post=1332"}],"curies":[{"name":"wp","href":"https:\/\/api.w.org\/{rel}","templated":true}]}}