{"id":13423,"date":"2020-07-07T11:00:27","date_gmt":"2020-07-07T08:00:27","guid":{"rendered":"https:\/\/mnlr.ro\/?p=13423"},"modified":"2020-07-07T13:30:34","modified_gmt":"2020-07-07T10:30:34","slug":"dupa-30-de-ani-recitind-literatura-postbelica-1","status":"publish","type":"post","link":"https:\/\/mnlr.ro\/en\/dupa-30-de-ani-recitind-literatura-postbelica-1\/","title":{"rendered":"Dup\u0103 30 de ani. Recitind literatura postbelic\u0103 (#1)"},"content":{"rendered":"<p>Cum mai citim ast\u0103zi, la 30 de ani dup\u0103 c\u0103derea regimului comunist, literatura scris\u0103 \u00een acea epoc\u0103? E suficient s\u0103 \u00een\u0219ir\u0103m operele una dup\u0103 alta, eventual s\u0103 le ierarhiz\u0103m valoric? Mai e criteriul estetic suficient? Putem \u00een\u021belege specificul literaturii ca discurs public dac\u0103 o decontextualiz\u0103m? Cum anume se negociaz\u0103 specificul estetic al literaturii \u00een func\u021bie de presiunile de divers\u0103 intensitate ale ideologicului? \u0218i, \u00een fine, cum mai face fa\u021b\u0103 literatura scris\u0103 \u0219i publicat\u0103 \u00eentr-un regim totalitar unor practici de lectur\u0103 cu totul diferite dec\u00e2t cele pe care a contat la momentul apari\u021biei ei? Iat\u0103 c\u00e2teva provoc\u0103ri \u0219i \u00eentreb\u0103ri la care ne invit\u0103 s\u0103 reflect\u0103m, criticul \u0219i istoricul literar Bogdan Cre\u021bu, \u00een rubrica \u201eDup\u0103 30 de ani. Recitind literatura postbelic\u0103\u201d pe care o lans\u0103m ast\u0103zi. Primul episod este disponibil pe platforma culturaindrect.ro. Cu Bogdan Cre\u021bu ne vom \u00eent\u00e2lni \u00een fiecare zi de mar\u021bi, de la 11.00.<\/p>\n<p>&nbsp;<\/p>\n<p><a href=\"https:\/\/culturaindirect.ro\/dupa-30-de-ani-recitind-literatura-postbelica-1\/\">https:\/\/culturaindirect.ro\/dupa-30-de-ani-recitind-literatura-postbelica-1\/<\/a><\/p>\n<p>&nbsp;<\/p>\n<p>&nbsp;<\/p>\n<p>&nbsp;<\/p>\n<p>&nbsp;<\/p>","protected":false},"excerpt":{"rendered":"<p>Cum mai citim ast\u0103zi, la 30 de ani dup\u0103 c\u0103derea regimului comunist, literatura scris\u0103 \u00een acea epoc\u0103? E suficient s\u0103&#8230;<\/p>","protected":false},"author":8,"featured_media":13424,"comment_status":"closed","ping_status":"closed","sticky":false,"template":"","format":"standard","meta":{"_exactmetrics_skip_tracking":false,"_exactmetrics_sitenote_active":false,"_exactmetrics_sitenote_note":"","_exactmetrics_sitenote_category":0,"footnotes":""},"categories":[9],"tags":[],"class_list":["post-13423","post","type-post","status-publish","format-standard","has-post-thumbnail","hentry","category-evenimente"],"_links":{"self":[{"href":"https:\/\/mnlr.ro\/en\/wp-json\/wp\/v2\/posts\/13423","targetHints":{"allow":["GET"]}}],"collection":[{"href":"https:\/\/mnlr.ro\/en\/wp-json\/wp\/v2\/posts"}],"about":[{"href":"https:\/\/mnlr.ro\/en\/wp-json\/wp\/v2\/types\/post"}],"author":[{"embeddable":true,"href":"https:\/\/mnlr.ro\/en\/wp-json\/wp\/v2\/users\/8"}],"replies":[{"embeddable":true,"href":"https:\/\/mnlr.ro\/en\/wp-json\/wp\/v2\/comments?post=13423"}],"version-history":[{"count":15,"href":"https:\/\/mnlr.ro\/en\/wp-json\/wp\/v2\/posts\/13423\/revisions"}],"predecessor-version":[{"id":13441,"href":"https:\/\/mnlr.ro\/en\/wp-json\/wp\/v2\/posts\/13423\/revisions\/13441"}],"wp:featuredmedia":[{"embeddable":true,"href":"https:\/\/mnlr.ro\/en\/wp-json\/wp\/v2\/media\/13424"}],"wp:attachment":[{"href":"https:\/\/mnlr.ro\/en\/wp-json\/wp\/v2\/media?parent=13423"}],"wp:term":[{"taxonomy":"category","embeddable":true,"href":"https:\/\/mnlr.ro\/en\/wp-json\/wp\/v2\/categories?post=13423"},{"taxonomy":"post_tag","embeddable":true,"href":"https:\/\/mnlr.ro\/en\/wp-json\/wp\/v2\/tags?post=13423"}],"curies":[{"name":"wp","href":"https:\/\/api.w.org\/{rel}","templated":true}]}}