{"id":13455,"date":"2020-07-09T19:00:16","date_gmt":"2020-07-09T16:00:16","guid":{"rendered":"https:\/\/mnlr.ro\/?p=13455"},"modified":"2020-07-09T18:40:28","modified_gmt":"2020-07-09T15:40:28","slug":"13455-2","status":"publish","type":"post","link":"https:\/\/mnlr.ro\/en\/13455-2\/","title":{"rendered":"Scurt pe doi | Veronica D. Niculescu \u0219i Bogdan \u2013 Alexandru St\u0103nescu #1"},"content":{"rendered":"<p>\u00cen fiecare zi de joi a s\u0103pt\u0103m\u00e2nii, pe platforma\u00a0<a href=\"http:\/\/culturaindirect.ro\/\">culturaindirect.ro<\/a>, de la ora 19.00, Alina Purcaru \u0219i Bogdan-Alexandru St\u0103nescu intr\u0103 alternativ \u00een dialog cu scriitori rom\u00e2ni care modeleaz\u0103, prin c\u0103r\u021bile\u00a0lor,\u00a0\u00a0ceea ce numim literatura rom\u00e2n\u0103 contemporan\u0103. Destul de succinte \u00eenc\u00e2t s\u0103 se adapteze gustului\u00a0<em>social media<\/em>, dar \u00eencerc\u00e2nd totu\u0219i s\u0103 ating\u0103\u00a0esen\u021ba literaturii invita\u021bilor, aceste dialoguri video \u00eencearc\u0103 s\u0103 creeze un portret viu, \u00een mi\u0219care al peisajului editorial autohton. Poe\u021bi, prozatori, traduc\u0103tori, editori de marc\u0103, \u00een fiecare joi, la \u201eScurt pe 2\u201d.<\/p>\n<p>Ast\u0103zi, v\u0103 invit\u0103m s\u0103 \u00eei urm\u0103ri\u021bi pe Veronica D. Niculescu \u0219i Bogdan-Alexandru St\u0103nescu, \u00eentr-o discu\u021bie captivant\u0103 despre cele mai recente volume, semnate Veronica D. Niculescu, despre cum se \u00eembin\u0103 scrisul cu tradusul, dar \u0219i despre proiecte viitoare.<\/p>\n<p>Materialul integral este disponibil pe platforma\u00a0<a href=\"http:\/\/culturaindirect.ro\/\">culturaindirect.ro.<\/a><\/p>\n<p><a href=\"https:\/\/culturaindirect.ro\/scurt-pe-doi-veronica-d-niculescu-si-bogdan-alexandru-stanescu-1\/\">https:\/\/culturaindirect.ro\/scurt-pe-doi-veronica-d-niculescu-si-bogdan-alexandru-stanescu-1\/<\/a><\/p>\n<p>&nbsp;<\/p>","protected":false},"excerpt":{"rendered":"<p>\u00cen fiecare zi de joi a s\u0103pt\u0103m\u00e2nii, pe platforma\u00a0culturaindirect.ro, de la ora 19.00, Alina Purcaru \u0219i Bogdan-Alexandru St\u0103nescu intr\u0103 alternativ&#8230;<\/p>","protected":false},"author":8,"featured_media":13456,"comment_status":"closed","ping_status":"closed","sticky":false,"template":"","format":"standard","meta":{"_exactmetrics_skip_tracking":false,"_exactmetrics_sitenote_active":false,"_exactmetrics_sitenote_note":"","_exactmetrics_sitenote_category":0,"footnotes":""},"categories":[9],"tags":[],"class_list":["post-13455","post","type-post","status-publish","format-standard","has-post-thumbnail","hentry","category-evenimente"],"_links":{"self":[{"href":"https:\/\/mnlr.ro\/en\/wp-json\/wp\/v2\/posts\/13455","targetHints":{"allow":["GET"]}}],"collection":[{"href":"https:\/\/mnlr.ro\/en\/wp-json\/wp\/v2\/posts"}],"about":[{"href":"https:\/\/mnlr.ro\/en\/wp-json\/wp\/v2\/types\/post"}],"author":[{"embeddable":true,"href":"https:\/\/mnlr.ro\/en\/wp-json\/wp\/v2\/users\/8"}],"replies":[{"embeddable":true,"href":"https:\/\/mnlr.ro\/en\/wp-json\/wp\/v2\/comments?post=13455"}],"version-history":[{"count":5,"href":"https:\/\/mnlr.ro\/en\/wp-json\/wp\/v2\/posts\/13455\/revisions"}],"predecessor-version":[{"id":13462,"href":"https:\/\/mnlr.ro\/en\/wp-json\/wp\/v2\/posts\/13455\/revisions\/13462"}],"wp:featuredmedia":[{"embeddable":true,"href":"https:\/\/mnlr.ro\/en\/wp-json\/wp\/v2\/media\/13456"}],"wp:attachment":[{"href":"https:\/\/mnlr.ro\/en\/wp-json\/wp\/v2\/media?parent=13455"}],"wp:term":[{"taxonomy":"category","embeddable":true,"href":"https:\/\/mnlr.ro\/en\/wp-json\/wp\/v2\/categories?post=13455"},{"taxonomy":"post_tag","embeddable":true,"href":"https:\/\/mnlr.ro\/en\/wp-json\/wp\/v2\/tags?post=13455"}],"curies":[{"name":"wp","href":"https:\/\/api.w.org\/{rel}","templated":true}]}}