{"id":13464,"date":"2020-07-10T11:06:04","date_gmt":"2020-07-10T08:06:04","guid":{"rendered":"https:\/\/mnlr.ro\/?p=13464"},"modified":"2020-07-10T11:07:24","modified_gmt":"2020-07-10T08:07:24","slug":"convorbiri-istorico-literare-paul-cernat-despre-universul-celanian-1","status":"publish","type":"post","link":"https:\/\/mnlr.ro\/en\/convorbiri-istorico-literare-paul-cernat-despre-universul-celanian-1\/","title":{"rendered":"(Con)vorbiri (istorico-) literare | Paul Cernat despre universul celanian #1"},"content":{"rendered":"<p><em>(Con)vorbiri (istorico-) literare<\/em> sau, altfel spus, scriitori, grup\u0103ri, fenomene literare autohtone prezentate de c\u0103tre criticul Paul Cernat, \u00eentr-o manier\u0103 colocvial\u0103, relaxat\u0103 \u0219i atractiv\u0103, f\u0103r\u0103 a face concesii facile, dar \u0219i \u00een afara oric\u0103rui conven\u021bionalism didactic, totul, \u00eentr-un format dedicat, disponibil pe platforma culturaindirect.ro. Se \u00eent\u00e2mpl\u0103 \u00een fiecare vineri, de la ora 11.00.<\/p>\n<p>\u00cen primul episod de ast\u0103zi, Paul Cernat face o incursiune \u00een universul existen\u021bial \u0219i creator celanian, pun\u00e2nd accent pe rela\u021bia special\u0103 dintre Paul Celan \u0219i mentorul s\u0103u, scriitorul \u0219i traduc\u0103torul Alfred-Margul Sperber. Materialul filmat \u00een expozi\u021bia <em>Celan 100 \u2013 Printre cuvinte<\/em>, deschis\u0103 publicului la sediul expozi\u021bional din Calea Grivi\u021bei 64-66, poate fi urm\u0103rit pe platforma culturaindirect.ro:<\/p>\n<p><a href=\"https:\/\/culturaindirect.ro\/convorbiri-istorico-literare\/?fbclid=IwAR2oPEeO1jMI0q0r3N4Xsote_g_qYSG-LLgwBlZbhlKxtMPVD2etrQYUlKY\">https:\/\/culturaindirect.ro\/convorbiri-istorico-literare\/?fbclid=IwAR2oPEeO1jMI0q0r3N4Xsote_g_qYSG-LLgwBlZbhlKxtMPVD2etrQYUlKY<\/a><\/p>\n<p>&nbsp;<\/p>\n<p>&nbsp;<\/p>","protected":false},"excerpt":{"rendered":"<p>(Con)vorbiri (istorico-) literare sau, altfel spus, scriitori, grup\u0103ri, fenomene literare autohtone prezentate de c\u0103tre criticul Paul Cernat, \u00eentr-o manier\u0103 colocvial\u0103,&#8230;<\/p>","protected":false},"author":8,"featured_media":13465,"comment_status":"closed","ping_status":"closed","sticky":false,"template":"","format":"standard","meta":{"_exactmetrics_skip_tracking":false,"_exactmetrics_sitenote_active":false,"_exactmetrics_sitenote_note":"","_exactmetrics_sitenote_category":0,"footnotes":""},"categories":[9,52],"tags":[],"class_list":["post-13464","post","type-post","status-publish","format-standard","has-post-thumbnail","hentry","category-evenimente","category-evenimente-on-line"],"_links":{"self":[{"href":"https:\/\/mnlr.ro\/en\/wp-json\/wp\/v2\/posts\/13464","targetHints":{"allow":["GET"]}}],"collection":[{"href":"https:\/\/mnlr.ro\/en\/wp-json\/wp\/v2\/posts"}],"about":[{"href":"https:\/\/mnlr.ro\/en\/wp-json\/wp\/v2\/types\/post"}],"author":[{"embeddable":true,"href":"https:\/\/mnlr.ro\/en\/wp-json\/wp\/v2\/users\/8"}],"replies":[{"embeddable":true,"href":"https:\/\/mnlr.ro\/en\/wp-json\/wp\/v2\/comments?post=13464"}],"version-history":[{"count":1,"href":"https:\/\/mnlr.ro\/en\/wp-json\/wp\/v2\/posts\/13464\/revisions"}],"predecessor-version":[{"id":13466,"href":"https:\/\/mnlr.ro\/en\/wp-json\/wp\/v2\/posts\/13464\/revisions\/13466"}],"wp:featuredmedia":[{"embeddable":true,"href":"https:\/\/mnlr.ro\/en\/wp-json\/wp\/v2\/media\/13465"}],"wp:attachment":[{"href":"https:\/\/mnlr.ro\/en\/wp-json\/wp\/v2\/media?parent=13464"}],"wp:term":[{"taxonomy":"category","embeddable":true,"href":"https:\/\/mnlr.ro\/en\/wp-json\/wp\/v2\/categories?post=13464"},{"taxonomy":"post_tag","embeddable":true,"href":"https:\/\/mnlr.ro\/en\/wp-json\/wp\/v2\/tags?post=13464"}],"curies":[{"name":"wp","href":"https:\/\/api.w.org\/{rel}","templated":true}]}}