{"id":13633,"date":"2020-07-24T14:23:53","date_gmt":"2020-07-24T11:23:53","guid":{"rendered":"https:\/\/mnlr.ro\/?p=13633"},"modified":"2020-07-24T14:32:40","modified_gmt":"2020-07-24T11:32:40","slug":"casele-memoriale-liviu-si-fanny-liviu-rebreanu-si-ion-minulescu-si-claudia-millian-sunt-inchise-temporar","status":"publish","type":"post","link":"https:\/\/mnlr.ro\/en\/casele-memoriale-liviu-si-fanny-liviu-rebreanu-si-ion-minulescu-si-claudia-millian-sunt-inchise-temporar\/","title":{"rendered":"Casele Memoriale \u201eLiviu \u0219i Fanny Liviu Rebreanu\u201d \u0219i \u201eIon Minulescu \u0219i Claudia Millian\u201d sunt \u00eenchise temporar"},"content":{"rendered":"<p>\u00cencep\u00e2nd de ast\u0103zi, Casele Memoriale \u201eLiviu \u0219i Fanny Liviu Rebreanu\u201d \u0219i \u201eIon Minulescu \u0219i Claudia Millian\u201d vor fi \u00eenchise pentru public temporar. \u00cen urm\u0103toarea perioad\u0103 vor avea loc activit\u0103\u021bile obi\u0219nuite de dezinfec\u021bie, impuse de m\u0103surile de prevenire a \u00a0r\u0103sp\u00e2ndirii infec\u021biei cu COVID-19. Vom reveni cu detalii legate de redeschidere, v\u0103 mul\u021bumim pentru \u00een\u021belegere.<\/p>","protected":false},"excerpt":{"rendered":"<p>\u00cencep\u00e2nd de ast\u0103zi, Casele Memoriale \u201eLiviu \u0219i Fanny Liviu Rebreanu\u201d \u0219i \u201eIon Minulescu \u0219i Claudia Millian\u201d vor fi \u00eenchise pentru&#8230;<\/p>","protected":false},"author":8,"featured_media":13635,"comment_status":"closed","ping_status":"closed","sticky":false,"template":"","format":"standard","meta":{"_exactmetrics_skip_tracking":false,"_exactmetrics_sitenote_active":false,"_exactmetrics_sitenote_note":"","_exactmetrics_sitenote_category":0,"footnotes":""},"categories":[9],"tags":[],"class_list":["post-13633","post","type-post","status-publish","format-standard","has-post-thumbnail","hentry","category-evenimente"],"_links":{"self":[{"href":"https:\/\/mnlr.ro\/en\/wp-json\/wp\/v2\/posts\/13633","targetHints":{"allow":["GET"]}}],"collection":[{"href":"https:\/\/mnlr.ro\/en\/wp-json\/wp\/v2\/posts"}],"about":[{"href":"https:\/\/mnlr.ro\/en\/wp-json\/wp\/v2\/types\/post"}],"author":[{"embeddable":true,"href":"https:\/\/mnlr.ro\/en\/wp-json\/wp\/v2\/users\/8"}],"replies":[{"embeddable":true,"href":"https:\/\/mnlr.ro\/en\/wp-json\/wp\/v2\/comments?post=13633"}],"version-history":[{"count":1,"href":"https:\/\/mnlr.ro\/en\/wp-json\/wp\/v2\/posts\/13633\/revisions"}],"predecessor-version":[{"id":13634,"href":"https:\/\/mnlr.ro\/en\/wp-json\/wp\/v2\/posts\/13633\/revisions\/13634"}],"wp:featuredmedia":[{"embeddable":true,"href":"https:\/\/mnlr.ro\/en\/wp-json\/wp\/v2\/media\/13635"}],"wp:attachment":[{"href":"https:\/\/mnlr.ro\/en\/wp-json\/wp\/v2\/media?parent=13633"}],"wp:term":[{"taxonomy":"category","embeddable":true,"href":"https:\/\/mnlr.ro\/en\/wp-json\/wp\/v2\/categories?post=13633"},{"taxonomy":"post_tag","embeddable":true,"href":"https:\/\/mnlr.ro\/en\/wp-json\/wp\/v2\/tags?post=13633"}],"curies":[{"name":"wp","href":"https:\/\/api.w.org\/{rel}","templated":true}]}}