{"id":13645,"date":"2020-07-25T19:03:46","date_gmt":"2020-07-25T16:03:46","guid":{"rendered":"https:\/\/mnlr.ro\/?p=13645"},"modified":"2020-07-28T09:11:09","modified_gmt":"2020-07-28T06:11:09","slug":"proiecte-on-line-culturaindirect-ro-27-iulie-2august-2020","status":"publish","type":"post","link":"https:\/\/mnlr.ro\/en\/proiecte-on-line-culturaindirect-ro-27-iulie-2august-2020\/","title":{"rendered":"Proiecte on-line | Culturaindirect.ro | 27 iulie &#8211; 2 august 2020"},"content":{"rendered":"<p>Pe platforma <a href=\"http:\/\/culturaindirect.ro\/\">culturaindirect.ro<\/a>, ini\u021biat\u0103 de Muzeul Na\u021bional al Literaturii Rom\u00e2ne, v-am preg\u0103tit pentru s\u0103pt\u0103m\u00e2na <strong>27 iulie \u2013 2 august 2020<\/strong> o serie de dialoguri, prezent\u0103ri \u0219i dezbateri din trecutul \u0219i prezentul literaturii rom\u00e2ne \u0219i nu numai:<\/p>\n<p><em>De bine, de r\u0103u. <\/em><em>Istorii literare<\/em> cu criticul literar Cosmin Ciotlo\u0219, luni, 27 iulie 2020, ora 11.00<\/p>\n<p>O scrisoare savuroas\u0103, pe care pu\u021bini o cunosc, trimis\u0103 de I. L. Caragiale doctorului Alceu Urechia despre vizita lui Delavrancea \u00een Berlin, unde dramaturgul rom\u00e2n se afla \u00een exil, \u00een urma Procesului Caragiale-Caion.<\/p>\n<p>Primele episoade ale rubricii <em>De bine, de r\u0103u. <\/em><em>Istorii literare<\/em> pot fi urm\u0103rite \u00een playlist-ul disponibil aici:<a href=\"https:\/\/culturaindirect.ro\/de-bine-de-rau-istorii-literare-playlist\/\">\u00a0https:\/\/culturaindirect.ro\/de-bine-de-rau-istorii-literare-playlist\/<\/a><\/p>\n<hr \/>\n<p><strong><em>Dup\u0103 30 de ani. Recitind literatura postbelic\u0103<\/em> cu istoricul \u0219i criticul literar Bogdan Cre\u021bu, mar\u021bi, 28 iulie 2020, de la ora 11.00<\/strong><\/p>\n<p>O \u00eent\u00e2lnire cu un personaj care are \u00een trecutul s\u0103u a avut c\u00e2teva momente de compromis politic \u0219i estetic: Mihail Sadoveanu.<\/p>\n<p>Primele episoade ale rubricii <em>Dup\u0103 30 de ani. Recitind literatura postbelic\u0103 <\/em>episoade pot fi urm\u0103rite \u00een playlist-ul disponibil aici: <a href=\"https:\/\/culturaindirect.ro\/dupa-30-de-ani-recitind-literatura-postbelica-playlist\/\">https:\/\/culturaindirect.ro\/dupa-30-de-ani-recitind-literatura-postbelica-playlist\/<\/a><\/p>\n<hr \/>\n<p><strong><em>Dialogurile MNLR<\/em> cu Luana Stroe, miercuri, 22 iulie 2020, ora 19.00<\/strong><\/p>\n<p>Luana Stroe v-a preg\u0103tit un dialog cu unul dintre cei patru Beatles ai literaturii rom\u00e2ne: Florin Iaru.<\/p>\n<p>Primele dialoguri sunt disponibile aici: <a href=\"https:\/\/culturaindirect.ro\/dialogurile-mnlr\/\">https:\/\/culturaindirect.ro\/dialogurile-mnlr\/<\/a><\/p>\n<hr \/>\n<p><strong><em>Scurt pe 2<\/em>, joi, 23 iulie 2020, ora 19.00<\/strong><\/p>\n<p>Despre feminismul rom contemporan \u0219i despre strategii de combatere a sexismului \u015fi a rasismului afl\u0103m de la Carmen Gheorghe, pre\u015fedintele organiza\u0163iei femeilor rome E-Romnja, invitata Alinei Purcaru la <em>Scurt pe doi.<\/em><\/p>\n<p>Primele episoade pot fi urm\u0103rite \u00een playlist-ul disponibil aici: <a href=\"https:\/\/culturaindirect.ro\/scurt-pe-doi\/\">https:\/\/culturaindirect.ro\/scurt-pe-doi\/<\/a><\/p>\n<hr \/>\n<p><strong><em>(Con)vorbiri (istorico-) literare<\/em>, cu criticul Paul Cernat vineri, 31 iulie 2020, ora 11.00<\/strong><\/p>\n<p>Despre Veronica Micle ne va vorbi Paul Cernat, \u00eentr-o sintez\u0103 fascinant\u0103, \u00eentr-o manier\u0103 colocvial\u0103, relaxat\u0103 \u0219i atractiv\u0103.<\/p>\n<p>Primele episoade pot fi urm\u0103rite \u00een playlist-ul disponibil aici: <a href=\"https:\/\/culturaindirect.ro\/convorbiri-istorico-literare\/\">https:\/\/culturaindirect.ro\/convorbiri-istorico-literare\/<\/a><\/p>\n<hr \/>\n<div dir=\"ltr\">\n<p><strong>S\u00e2mb\u0103t\u0103, 1 august<\/strong>, la pr\u00e2nz, Ovidiu \u0218imonca o va avea invitat\u0103 pe Irina-Roxana Georgescu, la <em>Interviul s\u0103pt\u0103m\u00e2nii<\/em>, t\u00e2n\u0103r\u0103 scriitoare \u015fi poet\u0103, profesoar\u0103 de limba \u015fi literatura rom\u00e2n\u0103 la Colegiul Na\u0163ional \u201eSf\u00e2ntul Sava\u201c din Bucure\u015fti. Irina-Roxana\u00a0 Georgescu (n\u0103scut\u0103 pe 29 august 1986) a absolvit Facultatea de Litere (specializarea rom\u00e2n\u0103 \u2013 francez\u0103) a Universit\u0103\u021bii Bucure\u0219ti \u00een 2008 \u015fi a urmat masteratul de teorie literar\u0103 \u015fi literatur\u0103 comparat\u0103 (2010). A devenit doctor \u00een filologie \u00een 2016). Volumul de debut \u00een limba rom\u00e2n\u0103 \u2013 <em>No\u0163iuni elementare<\/em> (Cartea Rom\u00e2neasc\u0103, 2018) \u2013 a fost nominalizat la Gala Tinerilor Scriitori (edi\u0163ia 2019) \u015fi la Gala Premiilor Observator cultural (edi\u0163ia 2019). A debutat \u00een limba francez\u0103 cu volumul de poezii <em>Intervalle ouvert<\/em>, ap\u0103rut la editura L\u2019Harmattan (Paris, 2017).<\/p>\n<p>La <em>Interviul s\u0103pt\u0103m\u00e2nii<\/em>, Ovidiu \u015eimonca va discuta cu Irina-Roxana Georgescu despre cum pot profesorii de limba \u015fi literatura rom\u00e2n\u0103 s\u0103 atrag\u0103 elevii spre lectur\u0103, ce \u00eenseamn\u0103, pentru un t\u00e2n\u0103r scriitor rom\u00e2n, s\u0103 debuteze \u00een Fran\u0163a \u015fi ce autori rom\u00e2ni clasici \u015fi contemporani au priz\u0103 la publicul t\u00e2n\u0103r.<\/p>\n<p>Primele interviuri sunt disponibile \u00een playlist-ul disponibil aici: <a href=\"https:\/\/culturaindirect.ro\/interviul-saptamanii\/\">https:\/\/culturaindirect.ro\/interviul-saptamanii\/<\/a><\/p>\n<\/div>","protected":false},"excerpt":{"rendered":"<p>Pe platforma culturaindirect.ro, ini\u021biat\u0103 de Muzeul Na\u021bional al Literaturii Rom\u00e2ne, v-am preg\u0103tit pentru s\u0103pt\u0103m\u00e2na 27 iulie \u2013 2 august 2020&#8230;<\/p>","protected":false},"author":8,"featured_media":13569,"comment_status":"closed","ping_status":"closed","sticky":false,"template":"","format":"standard","meta":{"_exactmetrics_skip_tracking":false,"_exactmetrics_sitenote_active":false,"_exactmetrics_sitenote_note":"","_exactmetrics_sitenote_category":0,"footnotes":""},"categories":[24,9,52,8],"tags":[],"class_list":["post-13645","post","type-post","status-publish","format-standard","has-post-thumbnail","hentry","category-dezbateri-culturale","category-evenimente","category-evenimente-on-line","category-recomandari"],"_links":{"self":[{"href":"https:\/\/mnlr.ro\/en\/wp-json\/wp\/v2\/posts\/13645","targetHints":{"allow":["GET"]}}],"collection":[{"href":"https:\/\/mnlr.ro\/en\/wp-json\/wp\/v2\/posts"}],"about":[{"href":"https:\/\/mnlr.ro\/en\/wp-json\/wp\/v2\/types\/post"}],"author":[{"embeddable":true,"href":"https:\/\/mnlr.ro\/en\/wp-json\/wp\/v2\/users\/8"}],"replies":[{"embeddable":true,"href":"https:\/\/mnlr.ro\/en\/wp-json\/wp\/v2\/comments?post=13645"}],"version-history":[{"count":13,"href":"https:\/\/mnlr.ro\/en\/wp-json\/wp\/v2\/posts\/13645\/revisions"}],"predecessor-version":[{"id":13672,"href":"https:\/\/mnlr.ro\/en\/wp-json\/wp\/v2\/posts\/13645\/revisions\/13672"}],"wp:featuredmedia":[{"embeddable":true,"href":"https:\/\/mnlr.ro\/en\/wp-json\/wp\/v2\/media\/13569"}],"wp:attachment":[{"href":"https:\/\/mnlr.ro\/en\/wp-json\/wp\/v2\/media?parent=13645"}],"wp:term":[{"taxonomy":"category","embeddable":true,"href":"https:\/\/mnlr.ro\/en\/wp-json\/wp\/v2\/categories?post=13645"},{"taxonomy":"post_tag","embeddable":true,"href":"https:\/\/mnlr.ro\/en\/wp-json\/wp\/v2\/tags?post=13645"}],"curies":[{"name":"wp","href":"https:\/\/api.w.org\/{rel}","templated":true}]}}