{"id":14145,"date":"2020-08-29T14:13:18","date_gmt":"2020-08-29T11:13:18","guid":{"rendered":"https:\/\/mnlr.ro\/?p=14145"},"modified":"2020-08-29T14:14:08","modified_gmt":"2020-08-29T11:14:08","slug":"interviul-saptamanii-ovidiu-simon-si-stelian-tanase","status":"publish","type":"post","link":"https:\/\/mnlr.ro\/en\/interviul-saptamanii-ovidiu-simon-si-stelian-tanase\/","title":{"rendered":"Interviul s\u0103pt\u0103m\u00e2nii | Ovidiu \u0218imonca \u0219i Stelian T\u0103nase"},"content":{"rendered":"<p>\u201eInterviul s\u0103pt\u0103m\u00e2nii\u201d emisiunea realizat\u0103 de Ovidiu \u0218imonca, \u00eel are ca invitat pe scriitorul, eseistul, istoricul \u0219i publicistul Stelian T\u0103nase. \u00cen plin\u0103 stare de urgen\u021b\u0103, acesta a g\u0103sit r\u0103gazul de a publica la Editura Corint cartea \u201eSunt un copil al r\u0103zboiului rece\u201d. Din p\u0103cate, din cauza pandemiei nu a mai avut ocazia de a face lans\u0103ri prin \u021bar\u0103, de \u201ea-\u0219i cultiva cititorii\u201d, de a da autografe celor care-i cump\u0103r\u0103 c\u0103r\u021bile. De altfel, Stelian T\u0103nase recunoa\u0219te faptul c\u0103 scriitorul are o meserie absolut banal\u0103, f\u0103r\u0103 nimic glorios, deloc pre\u021buit\u0103 de societate. \u201eSunt o persoan\u0103 obi\u0219nuit\u0103, cu acela\u0219i statut cu vecinul de vizavi, cu reparatorul auto. Am visat \u00eens\u0103 dintotdeauna s\u0103 devin scriitor. Nu am vrut s\u0103 fiu nici aviator, nici avocat. Am intrat la internat la 11 ani \u0219i brusc am devenit adult. Am vrut s\u0103-mi v\u0103d numele scris pe o carte\u201d, poveste\u0219te Stelian T\u0103nase. \u00cen timpul interviului acordat lui Ovidiu \u0218imonca, scriitorul aminte\u0219te despre verile toride din perioada studen\u021biei, despre faptul c\u0103 nu era deloc sociabil, ci mai mult un singuratic, obsedat de scris. Se consider\u0103 un om de arhive, care cite\u0219te pe ner\u0103suflate presa de alt\u0103dat\u0103, mai ales rubricile de fapt divers, pledoariile \u0219i rechizitoriile marilor procese.<br \/>\n\u201eInterviul s\u0103pt\u0103m\u00e2nii\u201d poate fi vizionat aici:<\/p>\n<p><iframe loading=\"lazy\" title=\"Ovidiu \u0218imonca \u0219i Stelian T\u0103nase\" src=\"https:\/\/player.vimeo.com\/video\/452558809?dnt=1&amp;app_id=122963\" width=\"500\" height=\"281\" frameborder=\"0\" allow=\"autoplay; fullscreen; picture-in-picture; clipboard-write\"><\/iframe><\/p>\n<p>&nbsp;<\/p>\n<p>&nbsp;<\/p>","protected":false},"excerpt":{"rendered":"<p>\u201eInterviul s\u0103pt\u0103m\u00e2nii\u201d emisiunea realizat\u0103 de Ovidiu \u0218imonca, \u00eel are ca invitat pe scriitorul, eseistul, istoricul \u0219i publicistul Stelian T\u0103nase. \u00cen&#8230;<\/p>","protected":false},"author":8,"featured_media":13947,"comment_status":"closed","ping_status":"closed","sticky":false,"template":"","format":"standard","meta":{"_exactmetrics_skip_tracking":false,"_exactmetrics_sitenote_active":false,"_exactmetrics_sitenote_note":"","_exactmetrics_sitenote_category":0,"footnotes":""},"categories":[9,8],"tags":[],"class_list":["post-14145","post","type-post","status-publish","format-standard","has-post-thumbnail","hentry","category-evenimente","category-recomandari"],"_links":{"self":[{"href":"https:\/\/mnlr.ro\/en\/wp-json\/wp\/v2\/posts\/14145","targetHints":{"allow":["GET"]}}],"collection":[{"href":"https:\/\/mnlr.ro\/en\/wp-json\/wp\/v2\/posts"}],"about":[{"href":"https:\/\/mnlr.ro\/en\/wp-json\/wp\/v2\/types\/post"}],"author":[{"embeddable":true,"href":"https:\/\/mnlr.ro\/en\/wp-json\/wp\/v2\/users\/8"}],"replies":[{"embeddable":true,"href":"https:\/\/mnlr.ro\/en\/wp-json\/wp\/v2\/comments?post=14145"}],"version-history":[{"count":2,"href":"https:\/\/mnlr.ro\/en\/wp-json\/wp\/v2\/posts\/14145\/revisions"}],"predecessor-version":[{"id":14147,"href":"https:\/\/mnlr.ro\/en\/wp-json\/wp\/v2\/posts\/14145\/revisions\/14147"}],"wp:featuredmedia":[{"embeddable":true,"href":"https:\/\/mnlr.ro\/en\/wp-json\/wp\/v2\/media\/13947"}],"wp:attachment":[{"href":"https:\/\/mnlr.ro\/en\/wp-json\/wp\/v2\/media?parent=14145"}],"wp:term":[{"taxonomy":"category","embeddable":true,"href":"https:\/\/mnlr.ro\/en\/wp-json\/wp\/v2\/categories?post=14145"},{"taxonomy":"post_tag","embeddable":true,"href":"https:\/\/mnlr.ro\/en\/wp-json\/wp\/v2\/tags?post=14145"}],"curies":[{"name":"wp","href":"https:\/\/api.w.org\/{rel}","templated":true}]}}