{"id":14203,"date":"2020-08-31T13:35:25","date_gmt":"2020-08-31T10:35:25","guid":{"rendered":"https:\/\/mnlr.ro\/?p=14203"},"modified":"2020-08-31T15:32:19","modified_gmt":"2020-08-31T12:32:19","slug":"ziua-limbii-romane-mesajul-acad-ioan-aurel-pop-presedintele-academiei-romane","status":"publish","type":"post","link":"https:\/\/mnlr.ro\/en\/ziua-limbii-romane-mesajul-acad-ioan-aurel-pop-presedintele-academiei-romane\/","title":{"rendered":"Ziua Limbii Rom\u00e2ne"},"content":{"rendered":"<p>Ast\u0103zi, s\u0103rb\u0103torim Ziua Limbii Rom\u00e2ne, iar Muzeul Na\u021bional al Literaturii Rom\u00e2ne, cu sprijinul Ministerului Culturii, organizeaz\u0103 cu aceast\u0103 ocazie, o serie de evenimente on-line, reunite sub numele \u201eLimba Rom\u00e2n\u0103, o problem\u0103 de siguran\u021b\u0103 na\u021bional\u0103\u201d.<\/p>\n<p>\u00cencepem ziua cu vernisajul on-line al expozi\u021biei \u201e\u0218coala Ardelean\u0103\u201d. V\u0103 invit\u0103m s\u0103 \u00eei urm\u0103ri\u021bi pe prof. univ. dr. Ioan Cristescu, directorul general al MNLR, \u0219i pe acad. Ioan Aurel Pop, pre\u0219edintele Academiei Rom\u00e2ne, \u00eentr-o \u00eenregistrare realizat\u0103 \u00een expozi\u021bia din Calea Grivi\u021bei 64-66.<\/p>\n<p><iframe loading=\"lazy\" title=\"Prof. univ. dr. Ioan Cristescu \u0219i Acad. Ioan Aurel Pop | Vernisajul on-line al expozi\u021biei \u201e\u0218coala Ardelean\u0103\u201d\" src=\"https:\/\/player.vimeo.com\/video\/452927632?dnt=1&amp;app_id=122963\" width=\"500\" height=\"281\" frameborder=\"0\" allow=\"autoplay; fullscreen; picture-in-picture; clipboard-write\"><\/iframe><\/p>\n<p>Expozi\u021bia poate fi accesat\u0103 \u0219i \u00een variant\u0103 on-line, pe site-ul MNLR: <a href=\"https:\/\/mnlr.ro\/en\/expozitii-on-line\/scoala-ardeleana\/\">https:\/\/mnlr.ro\/expozitii-on-line\/scoala-ardeleana\/<\/a> , dar poate fi \u0219i vizitat\u0103, p\u00e2n\u0103 \u00een 11 septembrie 2020, de luni p\u00e2n\u0103 vineri, \u00een intervalul orar 10.00 \u2013 18.00. Vizitarea se va face exclusiv cu programare la: 0762.671.698, num\u0103rul maxim de persoane acceptate \u00een spa\u021biu fiind 2 (dac\u0103 nu fac parte din aceea\u0219i familie) sau 4 (dac\u0103 fac parte din aceea\u0219i familie).<\/p>\n<hr \/>\n<p>An de an, \u00een data de 31 august, este celebrat\u0103 Ziua Limbii Rom\u00e2ne. Aceast\u0103 s\u0103rb\u0103toare a fost instituit\u0103 prin lege, \u00een 2013, iar ini\u021biatorul propunerii legislative explica la acel moment c\u0103 \u201eimportan\u021ba limbii rom\u00e2ne nu trebuie marginalizat\u0103 de tendin\u021bele actuale c\u0103tre globalizare, deoarece limba rom\u00e2n\u0103 reprezint\u0103 fundamentul identit\u0103\u021bii na\u021bionale, un punct deosebit de important pentru consolidarea unei societ\u0103\u021bi puternice \u0219i unite\u201d.<\/p>\n<p>V\u0103 invit\u0103m s\u0103 urm\u0103ri\u021bi mesajul acad. Ioan Aurel Pop, pre\u0219edintele Academiei Rom\u00e2ne, despre importan\u021ba acestei zile.<\/p>\n<p><iframe loading=\"lazy\" title=\"Acad. Ioan Aurel Pop despre Ziua Limbii Rom\u00e2ne\" src=\"https:\/\/player.vimeo.com\/video\/451859582?dnt=1&amp;app_id=122963\" width=\"500\" height=\"281\" frameborder=\"0\" allow=\"autoplay; fullscreen; picture-in-picture; clipboard-write\"><\/iframe><\/p>\n<hr \/>\n<p>Pentru c\u0103 dedic\u0103m aceast\u0103 zi special\u0103 \u0218colii Ardelene, capitol de o importan\u021b\u0103 crucial\u0103 \u00een istoria culturii rom\u00e2ne, v\u0103 invit\u0103m s\u0103 urm\u0103ri\u021bi o serie de interven\u021bii care contextualizeaz\u0103 acest curent, prin vocea unor personalit\u0103\u021bi ale spa\u021biului cultural rom\u00e2nesc.<\/p>\n<p>Preasfin\u021bia Sa Mihai Fr\u0103\u0163il\u0103, Episcopul Episcopiei Greco-Catolice \u201eSf\u00e2ntul Vasile cel Mare\u201d,\u00a0 ne vorbe\u0219te despre importan\u021ba acestui curent cultural care a pus bazele europeniz\u0103rii culturii rom\u00e2ne.<\/p>\n<p><iframe loading=\"lazy\" title=\"Preasfin\u021bia Sa Mihai Fr\u0103\u0163il\u0103, Episcopul Episcopiei Greco-Catolice \u201eSf\u00e2ntul Vasile cel Mare\u201d,  despre \u0218coala Ardelean\u0103\" src=\"https:\/\/player.vimeo.com\/video\/451859365?dnt=1&amp;app_id=122963\" width=\"500\" height=\"281\" frameborder=\"0\" allow=\"autoplay; fullscreen; picture-in-picture; clipboard-write\"><\/iframe><\/p>\n<hr \/>\n<p>Continu\u0103m cu interven\u021bia acad. R\u0103zvan Theodorescu despre \u0218coala Ardelean\u0103 \u0219i reprezenta\u021bii marcan\u021bi ai acestei mi\u0219c\u0103ri. Materialul a fost \u00eenregistrat \u00een expozi\u021bia deschis\u0103 \u00een Calea Grivi\u021bei 64-66 \u0219i pe care o pute\u021bi vizita p\u00e2n\u0103 \u00een 11 septembrie 2020, de luni p\u00e2n\u0103 vineri, \u00een intervalul orar 10.00 \u2013 18.00. Vizitarea se va face exclusiv cu programare la: 0762.671.698, num\u0103rul maxim de persoane acceptate \u00een spa\u021biu fiind 2 (dac\u0103 nu fac parte din aceea\u0219i familie) sau 4 (dac\u0103 fac parte din aceea\u0219i familie).<\/p>\n<p><iframe loading=\"lazy\" title=\"Acad. R\u0103zvan Theodorescu despre \u0218coala Ardelean\u0103 \u0219i Ziua Limbii Rom\u00e2ne\" src=\"https:\/\/player.vimeo.com\/video\/452135573?dnt=1&amp;app_id=122963\" width=\"500\" height=\"281\" frameborder=\"0\" allow=\"autoplay; fullscreen; picture-in-picture; clipboard-write\"><\/iframe><\/p>\n<hr \/>\n<p>Tematica teologilor \u0219i reprezentan\u021bilor \u0218colii Ardelene s-a concentrat asupra traducerii Bibliei, a studiilor istorice, gramaticilor \u0219i dic\u021bionarelor. Unul dintre reprezentan\u021bii acestui curent nou de g\u00e2ndire este Ion Budai-Deleanu, de la a c\u0103rui dispari\u021bie se \u00eemplinesc 200 de ani, prin destinul s\u0103u \u0219i al celei mai cunoscute c\u0103r\u021bi ale sale, \u201e\u021aiganiada\u201d, aceast\u0103 epopee \u00een stil baroc, carnavalesc, care a fost finalizat\u0103 \u00een 1812, dar care a trebuit s\u0103 a\u0219tepte timp de mai bine de cinci decenii s\u0103 fie publicat\u0103 \u00een revista \u201eBuciumul Rom\u00e2n\u201d \u0219i aproape un secol p\u00e2n\u0103 s\u0103 apar\u0103 \u00een volum, \u00een 1925. Fabuloasele descrieri ale Raiului \u0219i ale c\u0103l\u0103toriei \u00een Iad au o valoare extraordinar\u0103 \u00een literatura rom\u00e2n\u0103, \u00een opinia acad. Eugen Simion, care argumenteaz\u0103 aceste lucruri \u00eentr-un discurs pe care \u00eel pute\u021bi viziona acces\u00e2nd link-ul:<\/p>\n<p><iframe loading=\"lazy\" title=\"Acad. Eugen Simion despre \u0218coala Ardelean\u0103 \u0219i Ion Budai - Deleanu\" src=\"https:\/\/player.vimeo.com\/video\/449703370?dnt=1&amp;app_id=122963\" width=\"500\" height=\"281\" frameborder=\"0\" allow=\"autoplay; fullscreen; picture-in-picture; clipboard-write\"><\/iframe><\/p>\n<p>&nbsp;<\/p>\n<hr \/>\n<p>Am ajuns la ultima interven\u021bie on-line dedicat\u0103 Zilei Limbii Rom\u00e2ne, iar noi v\u0103 invit\u0103m s\u0103 \u00eel urm\u0103ri\u021bi pe prof. univ. dr. Gheorghe Chivu, care ne vorbe\u0219te despre aceast\u0103 s\u0103rb\u0103toare care arat\u0103 continuitatea utiliz\u0103rii unei limbi ce a marcat identitatea, originea \u0219i dezvoltarea unui popor, iar \u00een acest context, despre cea mai important\u0103 mi\u0219care iluminist\u0103 care s-a manifestat \u00een spa\u021biul rom\u00e2nesc din a doua jum\u0103tate a secolului al XVIII-lea \u0219i care a continuat \u00een secolul al XIX-lea: \u0218coala Ardelean\u0103. Interven\u021bia sa, intitulat\u0103 \u201eZiua Limbii Rom\u00e2ne. Modelul \u0218colii Ardelene\u201d, poate fi accesat\u0103 aici:<\/p>\n<p><iframe loading=\"lazy\" title=\"Prof. univ. dr. Gheorghe Chivu despre Ziua Limbii Rom\u00e2ne. Modelul \u0218colii Ardelene\" src=\"https:\/\/player.vimeo.com\/video\/451859672?dnt=1&amp;app_id=122963\" width=\"500\" height=\"281\" frameborder=\"0\" allow=\"autoplay; fullscreen; picture-in-picture; clipboard-write\"><\/iframe><\/p>","protected":false},"excerpt":{"rendered":"<p>Ast\u0103zi, s\u0103rb\u0103torim Ziua Limbii Rom\u00e2ne, iar Muzeul Na\u021bional al Literaturii Rom\u00e2ne, cu sprijinul Ministerului Culturii, organizeaz\u0103 cu aceast\u0103 ocazie, o&#8230;<\/p>","protected":false},"author":8,"featured_media":14181,"comment_status":"closed","ping_status":"closed","sticky":false,"template":"","format":"standard","meta":{"_exactmetrics_skip_tracking":false,"_exactmetrics_sitenote_active":false,"_exactmetrics_sitenote_note":"","_exactmetrics_sitenote_category":0,"footnotes":""},"categories":[9,52,8],"tags":[],"class_list":["post-14203","post","type-post","status-publish","format-standard","has-post-thumbnail","hentry","category-evenimente","category-evenimente-on-line","category-recomandari"],"_links":{"self":[{"href":"https:\/\/mnlr.ro\/en\/wp-json\/wp\/v2\/posts\/14203","targetHints":{"allow":["GET"]}}],"collection":[{"href":"https:\/\/mnlr.ro\/en\/wp-json\/wp\/v2\/posts"}],"about":[{"href":"https:\/\/mnlr.ro\/en\/wp-json\/wp\/v2\/types\/post"}],"author":[{"embeddable":true,"href":"https:\/\/mnlr.ro\/en\/wp-json\/wp\/v2\/users\/8"}],"replies":[{"embeddable":true,"href":"https:\/\/mnlr.ro\/en\/wp-json\/wp\/v2\/comments?post=14203"}],"version-history":[{"count":9,"href":"https:\/\/mnlr.ro\/en\/wp-json\/wp\/v2\/posts\/14203\/revisions"}],"predecessor-version":[{"id":14221,"href":"https:\/\/mnlr.ro\/en\/wp-json\/wp\/v2\/posts\/14203\/revisions\/14221"}],"wp:featuredmedia":[{"embeddable":true,"href":"https:\/\/mnlr.ro\/en\/wp-json\/wp\/v2\/media\/14181"}],"wp:attachment":[{"href":"https:\/\/mnlr.ro\/en\/wp-json\/wp\/v2\/media?parent=14203"}],"wp:term":[{"taxonomy":"category","embeddable":true,"href":"https:\/\/mnlr.ro\/en\/wp-json\/wp\/v2\/categories?post=14203"},{"taxonomy":"post_tag","embeddable":true,"href":"https:\/\/mnlr.ro\/en\/wp-json\/wp\/v2\/tags?post=14203"}],"curies":[{"name":"wp","href":"https:\/\/api.w.org\/{rel}","templated":true}]}}