{"id":14248,"date":"2020-09-05T14:16:40","date_gmt":"2020-09-05T11:16:40","guid":{"rendered":"https:\/\/mnlr.ro\/?p=14248"},"modified":"2020-09-05T14:16:40","modified_gmt":"2020-09-05T11:16:40","slug":"interviul-saptamanii-9-acad-ioan-aurel-pop-si-ovidiu-simonca","status":"publish","type":"post","link":"https:\/\/mnlr.ro\/en\/interviul-saptamanii-9-acad-ioan-aurel-pop-si-ovidiu-simonca\/","title":{"rendered":"Interviul s\u0103pt\u0103m\u00e2nii #9 | Acad. Ioan Aurel Pop \u0219i Ovidiu \u0218imonca"},"content":{"rendered":"<p>Invitatul lui Ovidiu \u0218imonca la \u201eInterviul s\u0103pt\u0103m\u00e2nii\u201d este Pre\u0219edintele Academiei Rom\u00e2ne, Ioan Aurel Pop. Dup\u0103 aproape 40 de ani de activitate didactic\u0103, fost rector al Universit\u0103\u021bii \u201eBabe\u0219-Bolyai\u201d din Cluj-Napoca, Ioan Aurel Pop nu se teme de polemici. Consider\u0103 benefic faptul c\u0103 interven\u021biile Academiei st\u00e2rnesc discu\u021bii, deoarece pot contribui la asanarea acestei societ\u0103\u021bi rom\u00e2ne\u0219ti dezorientate. De asemenea, crede cu t\u0103rie c\u0103 Academia trebuie s\u0103 r\u0103m\u00e2n\u0103 un reper. \u00cen interviu, Ioan Aurel Pop r\u0103spunde \u00eentreb\u0103rilor lui Ovidiu \u0218imonca despre cercetarea rom\u00e2neasc\u0103, despre proiecte am\u00e2nate, despre solidaritatea academicienilor, despre analfabetismul func\u021bional, dar \u0219i alte forme de ignoran\u021b\u0103 care se manifest\u0103 \u00een societate, despre faptul c\u0103 \u00eenv\u0103\u021b\u0103m\u00e2ntul pentru elevi \u0219i adolescen\u021bi trebuie desf\u0103\u0219urat fa\u021b\u0103 \u00een fa\u021b\u0103: \u201eF\u0103r\u0103 comunicarea de la om la om, \u0219coala desf\u0103\u0219urat\u0103 online timp \u00eendelungat, \u00een aceast\u0103 etap\u0103 a omenirii, va conduce la robotizare \u00een mai pu\u021bin de trei genera\u021bii. Nu ne vom mai atinge unii de al\u021bii niciodat\u0103. \u00cen acest moment, c\u00e2t\u0103 vreme suntem \u00eenc\u0103 oameni \u0219i ne-am p\u0103strat natura uman\u0103, c\u00e2t\u0103 vreme nu ne-am transformat \u00een aparate, trebuie s\u0103 ne \u00eent\u00e2lnim unii cu al\u021bii, s\u0103 z\u0103rim o lacrim\u0103 \u00een col\u021bul ochilor, s\u0103 putem r\u00e2de, s\u0103 vedem cum ne dojene\u0219te doamna dac\u0103 am f\u0103cut o eroare, s\u0103 vedem un profesor universitar \u00eenfl\u0103c\u0103rat atunci c\u00e2nd un student expune o teorie, chiar \u0219i cu masc\u0103. Via\u021ba trebuie s\u0103 mearg\u0103 \u00eenainte, \u0219coala trebuie s\u0103 se desf\u0103\u0219oare natural. A pleda pentru ore serios f\u0103cute nu \u00eenseamn\u0103 a fi contra moderniz\u0103rii \u00eenv\u0103\u021b\u0103m\u00e2ntului. \u0218coala trebuie adaptat\u0103 vie\u021bii. \u0218coala \u00ee\u021bi deschide c\u0103i spre o profesie pe care va trebui s\u0103 o alegi atunci c\u00e2nd vine vremea. \u0218coala nu te poate face nici l\u0103c\u0103tu\u0219, nici informatician. Probabil c\u0103r\u021bile vor fi relicve \u00een cur\u00e2nd \u0219i vor putea fi v\u0103zute numai \u00een muzee\u201d, afirm\u0103 Pre\u0219edintele Academiei Rom\u00e2ne, Ioan Aurel Pop.<br \/>\nInterviul poate fi urm\u0103rit aici:<br \/>\n<iframe loading=\"lazy\" title=\"Interviul s\u0103pt\u0103m\u00e2nii | Acad. Ioan Aurel Pop \u0219i Ovidiu \u0218imonca\" src=\"https:\/\/player.vimeo.com\/video\/454823805?dnt=1&amp;app_id=122963\" width=\"500\" height=\"281\" frameborder=\"0\" allow=\"autoplay; fullscreen; picture-in-picture; clipboard-write\"><\/iframe><\/p>","protected":false},"excerpt":{"rendered":"<p>Invitatul lui Ovidiu \u0218imonca la \u201eInterviul s\u0103pt\u0103m\u00e2nii\u201d este Pre\u0219edintele Academiei Rom\u00e2ne, Ioan Aurel Pop. Dup\u0103 aproape 40 de ani de&#8230;<\/p>","protected":false},"author":8,"featured_media":13947,"comment_status":"closed","ping_status":"closed","sticky":false,"template":"","format":"standard","meta":{"_exactmetrics_skip_tracking":false,"_exactmetrics_sitenote_active":false,"_exactmetrics_sitenote_note":"","_exactmetrics_sitenote_category":0,"footnotes":""},"categories":[9,8],"tags":[],"class_list":["post-14248","post","type-post","status-publish","format-standard","has-post-thumbnail","hentry","category-evenimente","category-recomandari"],"_links":{"self":[{"href":"https:\/\/mnlr.ro\/en\/wp-json\/wp\/v2\/posts\/14248","targetHints":{"allow":["GET"]}}],"collection":[{"href":"https:\/\/mnlr.ro\/en\/wp-json\/wp\/v2\/posts"}],"about":[{"href":"https:\/\/mnlr.ro\/en\/wp-json\/wp\/v2\/types\/post"}],"author":[{"embeddable":true,"href":"https:\/\/mnlr.ro\/en\/wp-json\/wp\/v2\/users\/8"}],"replies":[{"embeddable":true,"href":"https:\/\/mnlr.ro\/en\/wp-json\/wp\/v2\/comments?post=14248"}],"version-history":[{"count":3,"href":"https:\/\/mnlr.ro\/en\/wp-json\/wp\/v2\/posts\/14248\/revisions"}],"predecessor-version":[{"id":14251,"href":"https:\/\/mnlr.ro\/en\/wp-json\/wp\/v2\/posts\/14248\/revisions\/14251"}],"wp:featuredmedia":[{"embeddable":true,"href":"https:\/\/mnlr.ro\/en\/wp-json\/wp\/v2\/media\/13947"}],"wp:attachment":[{"href":"https:\/\/mnlr.ro\/en\/wp-json\/wp\/v2\/media?parent=14248"}],"wp:term":[{"taxonomy":"category","embeddable":true,"href":"https:\/\/mnlr.ro\/en\/wp-json\/wp\/v2\/categories?post=14248"},{"taxonomy":"post_tag","embeddable":true,"href":"https:\/\/mnlr.ro\/en\/wp-json\/wp\/v2\/tags?post=14248"}],"curies":[{"name":"wp","href":"https:\/\/api.w.org\/{rel}","templated":true}]}}