{"id":14463,"date":"2020-09-18T15:24:42","date_gmt":"2020-09-18T12:24:42","guid":{"rendered":"https:\/\/mnlr.ro\/?p=14463"},"modified":"2020-09-18T19:19:31","modified_gmt":"2020-09-18T16:19:31","slug":"zilele-bucurestiului-la-mnlr-2","status":"publish","type":"post","link":"https:\/\/mnlr.ro\/en\/zilele-bucurestiului-la-mnlr-2\/","title":{"rendered":"Zilele Bucure\u0219tiului"},"content":{"rendered":"<p>\u00cen 20 septembrie 1459, capitala de ast\u0103zi a \u021b\u0103rii era atestat\u0103 documentar \u00eentr-un hrisov \u00een limba slav\u0103, semnat de domnitorul \u021a\u0103rii Rom\u00e2ne\u0219ti, Vlad \u021aepe\u0219, aceasta fiind cea dint\u00e2i men\u021biune oficial\u0103.<\/p>\n<p>Prim\u0103ria Municipiului Bucure\u0219ti prin Muzeul Na\u0163ional al Literaturii Rom\u00e2ne organizeaz\u0103 \u00een 19 \u0219i 20 septembrie 2020 o serie de evenimente culturale on-line \u0219i off-line reunite sub genericul \u201eZilele Bucure\u0219tiului\u201d.<\/p>\n<p>Evenimentele vor avea loc \u00een Gr\u0103dina MNLR sau vor fi postate on-line pe site-ul oficial al MNLR, pe platforma web multimedia <a href=\"http:\/\/culturaindirect.ro\/\">culturaindirect.ro<\/a>, precum \u0219i pe paginile de socializare ale muzeului.<\/p>\n<p>\u00cen 20 septembrie, \u00eentre orele 10.00 \u0219i 18.00, expozi\u021bia de baz\u0103 a MNLR din Strada Nicolae Cre\u021bulescu 8 poate fi vizitat\u0103 gratuit. Al\u0103turi de manuscrise, obiecte personale ale scriitorilor \u0219i obiecte de art\u0103 plastic\u0103, pute\u021bi explora colec\u021bia intitulat\u0103 \u201eBucure\u0219tiul literar \u0219i artistic\u201d, unde sunt expuse desenele artistului Ioan C\u00e2rdei, precum \u0219i portrete ale scriitorilor rom\u00e2ni, semnate de fotograful Ion Cucu.<\/p>\n<p><strong>Program\u0103rile pentru vizitarea muzeului se fac la num\u0103rul 0748057192 sau la adresa <a href=\"mailto:programe@mnlr.ro\">programe@mnlr.ro<\/a>.<\/strong><\/p>\n<p>Tot duminic\u0103, 20 septembrie, \u00een intervalul orar 10.00 &#8211; 20.00, accesul va fi gratuit \u0219i la cele cinci Case memoriale ale MNLR:<\/p>\n<p>Casa Memorial\u0103 \u201eTudor Arghezi &#8211; M\u0103r\u021bi\u0219or\u201d, Str. M\u0103r\u021bi\u0219or 26<\/p>\n<p>Casa Memorial\u0103 \u201eGeorge \u0219i Agatha Bacovia\u201d; Str. George Bacovia 63<\/p>\n<p>Casa Memorial\u0103 \u201eIon Minulescu \u0219i Claudia Millian\u201d, Blvd. Prof. Dr. Gheorghe Marinescu 19<\/p>\n<p>Casa Memorial\u0103 \u201eLiviu \u0219i Fanny Liviu Rebreanu\u201d,\u00a0 Blvd. Prof. Dr. Gheorghe Marinescu 19<\/p>\n<p>Casa Memorial\u0103 \u201eAnton Pann\u201d, Str. Anton Pann 20<\/p>\n<p><strong>Program\u0103rile pentru vizitarea caselor memoriale se fac la num\u0103rul de telefon 0731 003 022 sau pe adresa de e-mail\u00a0<\/strong><a href=\"mailto:case.memoriale@mnlr.ro\"><strong>case.memoriale@mnlr.ro<\/strong><\/a><strong>.<\/strong><\/p>\n<p>&nbsp;<\/p>\n<p><strong>Programul evenimentelor<\/strong><strong>:<\/strong><\/p>\n<p><strong><u>19 septembrie 2020<br \/>\n<\/u><\/strong><strong>ora 11.00<br \/>\n<\/strong>Expozi\u021bie on-line:<em> Bucure\u0219tiul de alt\u0103dat\u0103 <\/em><\/p>\n<p>Bucure\u015ftiul vremurilor trecute era un ora\u0219 cu totul diferit \u00een compara\u0163ie cu ceea ce putem vedea \u00een zilele noastre. Parfumul \u201eMicului Paris\u201d r\u0103zbate din fiecare dintre c\u0103r\u021bile po\u0219tale prezentate. Palatul de Justi\u021bie, Calea Victoriei \u0219i celebrul restaurant Cap\u0219a, Gr\u0103dina Ci\u0219migiu, Foi\u0219orul de Foc, \u00eenconjurat de mahala, Lipscaniul cu tramvaiul 16 trec\u00e2nd prin fa\u021ba B\u0103ncii de Stat, Osp\u0103t\u0103ria Regal\u0103, Pia\u021ba Teatrului Na\u021bional, Hotelul Luvru, celebrele Hale Obor, primele tramvaie electrice \u00een Bucure\u0219tiul anului 1910, transpun privitorul \u00eentr-o epoc\u0103 apus\u0103, dar nu uitat\u0103, cu parfum de boem\u0103,\u00a0 sub lumina l\u0103mpilor cu gaz \u0219i \u00een zgomotul uluitoarelor tramvaie electrice, \u00eentre nostalgie \u0219i speran\u021b\u0103.<\/p>\n<p>C\u0103r\u021bile\u00a0 po\u0219tale fac parte din patrimoniul Muzeului Na\u021bional al Literaturii Rom\u00e2ne.<\/p>\n<p><strong>ora 17.00<br \/>\n<\/strong><em>Gr\u0103dina MNLR, Strada Nicolae Cre\u021bulescu 8<br \/>\n<\/em>Pove\u0219ti din vechiul Bucure\u0219ti<\/p>\n<p>Scriitoarea Doina Ru\u0219ti ne va dezv\u0103lui o poveste de la sf\u00e2r\u0219itul secolului al XVIII-lea, legat\u0103 de anularea unei c\u0103s\u0103torii, iar actri\u021ba Adriana Titieni va citi <em>Povestea lui Ambrozie<\/em> din romanul <em>Homeric<\/em> (2019) de Doina Ru\u0219ti.<\/p>\n<p><strong>ora 20.00<br \/>\n<\/strong><em>Gr\u0103dina MNLR, Strada Nicolae Cre\u021bulescu 8<br \/>\n<\/em>\u201ePOE3 \u2013 de la manualul de literatur\u0103 la poezia c\u00e2ntat\u0103\u201d<\/p>\n<p>Invita\u021bii evenimentului sunt cantautorii Teddy Tudoroiu, \u0218tefania Iacob, Marius Matache \u0219i Cristian Dumitra\u0219cu \u0219i poetul Sorin Poclitaru.<\/p>\n<p>Printre obiectivele proiectului POE3 se num\u0103r\u0103 realizarea unui volum colectiv cu poezii scrise de elevi, dar \u0219i a unui album colectiv cu muzic\u0103 folk \u0219i poezie ce implic\u0103 tineri arti\u0219ti din institu\u021bii de \u00eenv\u0103\u021b\u0103m\u00e2nt. Ace\u0219tia vor fi selecta\u021bi printr-o serie de competi\u021bii (desf\u0103\u0219urate on-line), ce vor fi organizate \u00een prima faz\u0103 a proiectului, \u0219i jurizate de speciali\u0219ti \u00een domeniu (poe\u021bi, textieri, muzicieni) \u0219i jurnali\u0219ti din radiouri care \u00eenc\u0103 difuzeaz\u0103 muzica folk.<\/p>\n<p><strong><u>20 septembrie 2020<\/u><\/strong><\/p>\n<p><strong>ora 16.00<br \/>\n<\/strong>Despre casele scriitorilor \u0219i obiectele lor | eveniment on-line<\/p>\n<p>Manuscrise, obiecte personale, c\u0103r\u021bi \u0219i reviste importante pentru istoria literaturii \u0219i a ora\u0219ului vor fi prezentate de muzeografii de la Casele memoriale \u0219i de la expozi\u021bia de baz\u0103 din Strada Nicolae Cre\u021bulescu 8, \u00eentr-o c\u0103l\u0103torie prin Bucure\u0219tiul de ast\u0103zi, \u00een minunata ma\u0219in\u0103 de epoc\u0103 Ford Model \u201eA\u201d \u2013 Kansas JOYS antique, 1931, prin amabilitatea \u201eCasa Retro\u201d \u2013 Monica \u0219i Nicu T\u0103t\u0103ranu, dar \u0219i doamnei Lumini\u021ba Velciu &#8211; \u201ePr\u0103v\u0103lia de la col\u021b\u201d, \u0219i domnului Dan Schnick (conduc\u0103tor auto). Materialul va putea fi urm\u0103rit pe platforma www.culturaindirect.ro, la rubrica <em>Patrimony<\/em>.<\/p>\n<p><strong>ora 20.00<br \/>\n<\/strong><em>Gr\u0103dina MNLR, Strada Nicolae Cre\u021bulescu 8<br \/>\n<\/em>Concert\u00a0Ovidiu Mih\u0103ilescu<\/p>\n<p>Ovidiu Mih\u0103ilescu este deja un nume binecunoscut printre folki\u015ftii rom\u00e2ni \u015fi este \u00eendr\u0103git de publicul de toate v\u00e2rstele, c\u0103ci pentru fiecare are ceva. Este un mare iubitor de poezie, iar concertul din Gr\u0103dina MNLR este dedicat limbii rom\u00e2ne.<\/p>\n<p>&nbsp;<\/p>","protected":false},"excerpt":{"rendered":"<p>\u00cen 20 septembrie 1459, capitala de ast\u0103zi a \u021b\u0103rii era atestat\u0103 documentar \u00eentr-un hrisov \u00een limba slav\u0103, semnat de domnitorul&#8230;<\/p>","protected":false},"author":8,"featured_media":14464,"comment_status":"closed","ping_status":"closed","sticky":false,"template":"","format":"standard","meta":{"_exactmetrics_skip_tracking":false,"_exactmetrics_sitenote_active":false,"_exactmetrics_sitenote_note":"","_exactmetrics_sitenote_category":0,"footnotes":""},"categories":[9,8],"tags":[],"class_list":["post-14463","post","type-post","status-publish","format-standard","has-post-thumbnail","hentry","category-evenimente","category-recomandari"],"_links":{"self":[{"href":"https:\/\/mnlr.ro\/en\/wp-json\/wp\/v2\/posts\/14463","targetHints":{"allow":["GET"]}}],"collection":[{"href":"https:\/\/mnlr.ro\/en\/wp-json\/wp\/v2\/posts"}],"about":[{"href":"https:\/\/mnlr.ro\/en\/wp-json\/wp\/v2\/types\/post"}],"author":[{"embeddable":true,"href":"https:\/\/mnlr.ro\/en\/wp-json\/wp\/v2\/users\/8"}],"replies":[{"embeddable":true,"href":"https:\/\/mnlr.ro\/en\/wp-json\/wp\/v2\/comments?post=14463"}],"version-history":[{"count":8,"href":"https:\/\/mnlr.ro\/en\/wp-json\/wp\/v2\/posts\/14463\/revisions"}],"predecessor-version":[{"id":14472,"href":"https:\/\/mnlr.ro\/en\/wp-json\/wp\/v2\/posts\/14463\/revisions\/14472"}],"wp:featuredmedia":[{"embeddable":true,"href":"https:\/\/mnlr.ro\/en\/wp-json\/wp\/v2\/media\/14464"}],"wp:attachment":[{"href":"https:\/\/mnlr.ro\/en\/wp-json\/wp\/v2\/media?parent=14463"}],"wp:term":[{"taxonomy":"category","embeddable":true,"href":"https:\/\/mnlr.ro\/en\/wp-json\/wp\/v2\/categories?post=14463"},{"taxonomy":"post_tag","embeddable":true,"href":"https:\/\/mnlr.ro\/en\/wp-json\/wp\/v2\/tags?post=14463"}],"curies":[{"name":"wp","href":"https:\/\/api.w.org\/{rel}","templated":true}]}}