{"id":14478,"date":"2020-09-19T20:17:59","date_gmt":"2020-09-19T17:17:59","guid":{"rendered":"https:\/\/mnlr.ro\/?p=14478"},"modified":"2020-09-19T20:17:59","modified_gmt":"2020-09-19T17:17:59","slug":"interviul-saptamanii-ana-blandiana-si-ovidiu-simonca","status":"publish","type":"post","link":"https:\/\/mnlr.ro\/en\/interviul-saptamanii-ana-blandiana-si-ovidiu-simonca\/","title":{"rendered":"Interviul s\u0103pt\u0103m\u00e2nii | Ana Blandiana \u0219i Ovidiu \u0218imonca"},"content":{"rendered":"<p>Invitata lui Ovidiu \u0218imonca la \u201eInterviul s\u0103pt\u0103m\u00e2nii\u201d este scriitoarea \u0219i poeta Ana Blandiana. Recunoscut\u0103 ca fiind omul ideilor cu impact public, Ana Blandiana este imaginea de marc\u0103 a operei colective numite \u201eMemorialul de la Sighet\u201d, un institut de studiere a crimelor comunismului. Interzis\u0103 de trei ori \u00eenainte de Revolu\u021bie, Ana Blandiana recunoa\u0219te: \u201eE un fel de umilin\u0163\u0103, un fel de \u00een\u0163elepciune \u00een a accepta c\u0103 via\u0163a nu depinde de noi. A fost o perioad\u0103, \u00eenainte de 1989, c\u00e2nd eram m\u00e2ndr\u0103 c\u0103 fac parte din Uniunea Scriitorilor. Vorbeam sincer despre \u0219i \u00eempotriva situa\u021biei care se vedea cum se degradeaz\u0103 cu ochiul liber. Am r\u0103mas cu iluzia c\u0103 \u00een condi\u021bii de libertate am putea fi extraordinari. \u0218i nu am fost \u00een mod evident. Am fost convins\u0103 (\u0219i acum a\u0219a mi s-ar p\u0103rea normal) c\u0103 scriitorii ar trebui s\u0103 fie lideri de opinie, c\u0103 Uniunea Scriitorilor ar trebui s\u0103 fie un fel de institu\u021bie-far a vie\u021bii publice din Rom\u00e2nia, cel pu\u021bin \u00een ceea ce prive\u0219te temele culturale. Am intrat \u00een politic\u0103 \u0219i am pus um\u0103rul la Memorialul de la Sighet pentru c\u0103 m-am sim\u021bit vinovat\u0103 c\u0103 nu am f\u0103cut destul \u00eenainte. Am dreptul s\u0103 m\u0103 judec pe mine, dar nu am dreptul s\u0103-i judec pe ceilal\u021bi\u201d. Ana Blandiana \u00eei m\u0103rturise\u0219te lui Ovidiu \u0218imonca faptul c\u0103 \u00eentotdeauna a scris cumva \u00een trans\u0103. \u201ePoate c\u0103 termenul este exagerat, de obicei se spune inspira\u021bie, dar mie inspira\u021bie mi se pare prea pu\u021bin. Inspira\u021bie mi se pare a\u0219a un fel de punct de pornire, \u00een timp ce a intra \u00eentr-o anumit\u0103 stare de spirit a scrisului \u00eentotdeauna mi s-a p\u0103rut ceva profund, care nu depindea total de mine \u0219i care \u00een momentul \u00een care se termina (\u00een general se termina f\u0103r\u0103 s\u0103 m\u0103 anun\u021be, f\u0103r\u0103 s\u0103 m\u0103 previn\u0103), nu eram niciodat\u0103 sigur\u0103 c\u0103 va mai urma ceva. De exemplu, nu am mai scris niciun vers de la \u00abVaria\u021biuni pe o tem\u0103 dat\u0103\u00bb, care a ap\u0103rut acum doi ani. C\u00e2nd am scris poeziile din \u00abVaria\u021biuni pe o tem\u0103 dat\u0103\u00bb nu eram sigur\u0103 c\u0103 asemenea pagini trebuie publicate. A fost un \u0219oc pentru mine s\u0103 le aud pe doamnele de la editur\u0103 spun\u00e2ndu-mi c\u0103 este o carte luminoas\u0103. Mi-era team\u0103 s\u0103 nu fie prea sumbru acest sentiment al meu c\u0103 moartea nu exist\u0103\u201d. Faptul c\u0103 la evenimentul de lansare a volumului \u201eVaria\u021biuni pe o tem\u0103 dat\u0103\u201d, oamenii au cump\u0103rat cinci sau \u0219ase exemplare ca pe un medicament, crez\u00e2nd c\u0103 autograful \u0219i versurile poetei pot vindeca sufletele celor care au pierdut pe cineva de-a lungul vie\u021bii, este de departe cel mai important succes al Anei Blandiana, conform spuselor acesteia.<br \/>\nUrm\u0103ri\u021bi \u201eInterviul s\u0103pt\u0103m\u00e2nii\u201d aici:<br \/>\n<iframe loading=\"lazy\" title=\"Interviul s\u0103pt\u0103m\u00e2nii | Ana Blandiana \u0219i Ovidiu \u0218imonca\" src=\"https:\/\/player.vimeo.com\/video\/459647690?dnt=1&amp;app_id=122963\" width=\"500\" height=\"281\" frameborder=\"0\" allow=\"autoplay; fullscreen; picture-in-picture; clipboard-write\"><\/iframe><\/p>","protected":false},"excerpt":{"rendered":"<p>Invitata lui Ovidiu \u0218imonca la \u201eInterviul s\u0103pt\u0103m\u00e2nii\u201d este scriitoarea \u0219i poeta Ana Blandiana. Recunoscut\u0103 ca fiind omul ideilor cu impact&#8230;<\/p>","protected":false},"author":8,"featured_media":13947,"comment_status":"closed","ping_status":"closed","sticky":false,"template":"","format":"standard","meta":{"_exactmetrics_skip_tracking":false,"_exactmetrics_sitenote_active":false,"_exactmetrics_sitenote_note":"","_exactmetrics_sitenote_category":0,"footnotes":""},"categories":[9],"tags":[],"class_list":["post-14478","post","type-post","status-publish","format-standard","has-post-thumbnail","hentry","category-evenimente"],"_links":{"self":[{"href":"https:\/\/mnlr.ro\/en\/wp-json\/wp\/v2\/posts\/14478","targetHints":{"allow":["GET"]}}],"collection":[{"href":"https:\/\/mnlr.ro\/en\/wp-json\/wp\/v2\/posts"}],"about":[{"href":"https:\/\/mnlr.ro\/en\/wp-json\/wp\/v2\/types\/post"}],"author":[{"embeddable":true,"href":"https:\/\/mnlr.ro\/en\/wp-json\/wp\/v2\/users\/8"}],"replies":[{"embeddable":true,"href":"https:\/\/mnlr.ro\/en\/wp-json\/wp\/v2\/comments?post=14478"}],"version-history":[{"count":1,"href":"https:\/\/mnlr.ro\/en\/wp-json\/wp\/v2\/posts\/14478\/revisions"}],"predecessor-version":[{"id":14479,"href":"https:\/\/mnlr.ro\/en\/wp-json\/wp\/v2\/posts\/14478\/revisions\/14479"}],"wp:featuredmedia":[{"embeddable":true,"href":"https:\/\/mnlr.ro\/en\/wp-json\/wp\/v2\/media\/13947"}],"wp:attachment":[{"href":"https:\/\/mnlr.ro\/en\/wp-json\/wp\/v2\/media?parent=14478"}],"wp:term":[{"taxonomy":"category","embeddable":true,"href":"https:\/\/mnlr.ro\/en\/wp-json\/wp\/v2\/categories?post=14478"},{"taxonomy":"post_tag","embeddable":true,"href":"https:\/\/mnlr.ro\/en\/wp-json\/wp\/v2\/tags?post=14478"}],"curies":[{"name":"wp","href":"https:\/\/api.w.org\/{rel}","templated":true}]}}