{"id":14596,"date":"2020-10-01T11:00:55","date_gmt":"2020-10-01T08:00:55","guid":{"rendered":"https:\/\/mnlr.ro\/?p=14596"},"modified":"2020-09-30T14:31:18","modified_gmt":"2020-09-30T11:31:18","slug":"inside-outside-ana-balandiana-si-mircea-dan-duta","status":"publish","type":"post","link":"https:\/\/mnlr.ro\/en\/inside-outside-ana-balandiana-si-mircea-dan-duta\/","title":{"rendered":"INSIDE \u2013 OUTSIDE | Ana Balandiana \u0219i Mircea Dan Du\u021b\u0103"},"content":{"rendered":"<p>Joi, 24 septembrie 2020, \u00een Gr\u0103dina MNLR, Ana Blandiana a deschis seria lecturilor publice din cadrul proiectului INSIDE-OUTSIDE cu o selec\u021bie din <em>Integrala poemelor<\/em>. \u00cent\u00e2lnirea, moderat\u0103 de poetul \u0219i traduc\u0103torul Mircea Dan Du\u021b\u0103, s-a axat pe tema interioritate \u2013 exterioritate \u0219i a experien\u021bei sale ca scriitoare invitat\u0103 s\u0103 citeasc\u0103 \u00een fa\u021ba unui public rom\u00e2n sau str\u0103in \u0219i ca autoare tradus\u0103 \u00een peste 23 de limbi str\u0103ine.<\/p>\n<p><iframe loading=\"lazy\" title=\"INSIDE-OUTSIDE | Ana Blandiana \u0219i Mircea Dan Du\u021b\u0103\" src=\"https:\/\/player.vimeo.com\/video\/463347586?dnt=1&amp;app_id=122963\" width=\"500\" height=\"281\" frameborder=\"0\" allow=\"autoplay; fullscreen; picture-in-picture; clipboard-write\"><\/iframe><\/p>\n<p>Proiectul este realizat de Muzeul Na\u021bional al Literaturii Rom\u00e2ne \u00een parteneriat cu Centrul Ceh din Bucure\u0219ti, partener media \u2013 TVR Interna\u021bional, \u0219i este o continuare a Festivalului Authors&#8217; Reading Month, care a avut loc \u00een Cehia, \u00een 2019, la care au participat 30 de scriitori rom\u00e2ni.<\/p>\n<p>Urm\u0103toarele trei \u00eent\u00e2lniri \u00eei vor avea ca invita\u021bi pe Claudiu Komartin (1 octombrie), Filip Florian (8 octombrie) \u0219i Svetlana C\u00e2rstean (15 octombrie) \u0219i vor fi moderate de Magda C\u00e2rneci, scriitor, critic \u0219i istoricde art\u0103, curator.<\/p>\n<p>Evenimentul se desf\u0103\u0219oar\u0103 \u00een conformitate cu regulile impuse de prevenirea r\u0103sp\u00e2ndirii \u0219i contamin\u0103rii cu Covid-19. Intrarea este liber\u0103,participarea se face \u00een baza unei rezerv\u0103ri la num\u0103rul 0748 057 192 sau pe e-mail, la <a href=\"mailto:programe@mnlr.ro\">programe@mnlr.ro<\/a>.<\/p>","protected":false},"excerpt":{"rendered":"<p>Joi, 24 septembrie 2020, \u00een Gr\u0103dina MNLR, Ana Blandiana a deschis seria lecturilor publice din cadrul proiectului INSIDE-OUTSIDE cu o&#8230;<\/p>","protected":false},"author":8,"featured_media":14597,"comment_status":"closed","ping_status":"closed","sticky":false,"template":"","format":"standard","meta":{"_exactmetrics_skip_tracking":false,"_exactmetrics_sitenote_active":false,"_exactmetrics_sitenote_note":"","_exactmetrics_sitenote_category":0,"footnotes":""},"categories":[24,9,8],"tags":[],"class_list":["post-14596","post","type-post","status-publish","format-standard","has-post-thumbnail","hentry","category-dezbateri-culturale","category-evenimente","category-recomandari"],"_links":{"self":[{"href":"https:\/\/mnlr.ro\/en\/wp-json\/wp\/v2\/posts\/14596","targetHints":{"allow":["GET"]}}],"collection":[{"href":"https:\/\/mnlr.ro\/en\/wp-json\/wp\/v2\/posts"}],"about":[{"href":"https:\/\/mnlr.ro\/en\/wp-json\/wp\/v2\/types\/post"}],"author":[{"embeddable":true,"href":"https:\/\/mnlr.ro\/en\/wp-json\/wp\/v2\/users\/8"}],"replies":[{"embeddable":true,"href":"https:\/\/mnlr.ro\/en\/wp-json\/wp\/v2\/comments?post=14596"}],"version-history":[{"count":1,"href":"https:\/\/mnlr.ro\/en\/wp-json\/wp\/v2\/posts\/14596\/revisions"}],"predecessor-version":[{"id":14598,"href":"https:\/\/mnlr.ro\/en\/wp-json\/wp\/v2\/posts\/14596\/revisions\/14598"}],"wp:featuredmedia":[{"embeddable":true,"href":"https:\/\/mnlr.ro\/en\/wp-json\/wp\/v2\/media\/14597"}],"wp:attachment":[{"href":"https:\/\/mnlr.ro\/en\/wp-json\/wp\/v2\/media?parent=14596"}],"wp:term":[{"taxonomy":"category","embeddable":true,"href":"https:\/\/mnlr.ro\/en\/wp-json\/wp\/v2\/categories?post=14596"},{"taxonomy":"post_tag","embeddable":true,"href":"https:\/\/mnlr.ro\/en\/wp-json\/wp\/v2\/tags?post=14596"}],"curies":[{"name":"wp","href":"https:\/\/api.w.org\/{rel}","templated":true}]}}