{"id":14640,"date":"2020-10-04T13:07:59","date_gmt":"2020-10-04T10:07:59","guid":{"rendered":"https:\/\/mnlr.ro\/?p=14640"},"modified":"2020-10-04T13:07:59","modified_gmt":"2020-10-04T10:07:59","slug":"indulgente-9","status":"publish","type":"post","link":"https:\/\/mnlr.ro\/en\/indulgente-9\/","title":{"rendered":"Indulgen\u021be #9"},"content":{"rendered":"<p>R\u0103sfoind o nou\u0103 pagin\u0103 a \u201ejurnalului virtual\u201d dedicat realit\u0103\u021bilor rom\u00e2ne\u0219ti \u00een cadrul rubricii \u201eIndulgen\u021be\u201d, poetul \u0219i publicistul Ion Muresan vorbe\u0219te despre manele, oglinda nou\u0103 \u0219i agresiv\u0103 a patriei. Ele definesc cumva starea postrevolu\u021bionar\u0103 a na\u021biunii, \u201e\u021b\u00e2\u0219nesc de peste tot, \u00ee\u021bi intr\u0103 cu for\u021ba \u00een urechi \u0219i-\u021bi pun mintea pe bigudiuri\u201d. Ascult\u00e2ndu-le, \u00een\u021belegi c\u0103 bog\u0103\u021bia nu are sens dac\u0103 nu st\u00e2rne\u0219te invidie. Poetul recunoa\u0219te c\u0103 rubrica sa este ne\u00eensemnat\u0103 \u0219i despre tema manelelor nu poate prezenta dec\u00e2t un m\u0103runt crochiu, \u00eens\u0103 acestea ar merita un studiu mai a\u0219ezat. Maneaua este un barometru de mentalitate, pe un fond triumfal de \u201etaragoate \u0219i trompete\u201d. Dac\u0103 ai r\u0103bdare \u0219i timp, po\u021bi sesiza \u00eentre manelele din patrie \u0219i cele din diaspora o ferm\u0103 tendin\u021b\u0103 de \u00eenfr\u0103\u021bire tematic\u0103.<\/p>\n<p>Urm\u0103ri\u021bi \u201eIndulgen\u021be\u201d aici:<br \/>\n<iframe loading=\"lazy\" title=\"Indulgen\u021be #9 | Despre manele\" src=\"https:\/\/player.vimeo.com\/video\/463844784?dnt=1&amp;app_id=122963\" width=\"500\" height=\"281\" frameborder=\"0\" allow=\"autoplay; fullscreen; picture-in-picture; clipboard-write\"><\/iframe><\/p>","protected":false},"excerpt":{"rendered":"<p>R\u0103sfoind o nou\u0103 pagin\u0103 a \u201ejurnalului virtual\u201d dedicat realit\u0103\u021bilor rom\u00e2ne\u0219ti \u00een cadrul rubricii \u201eIndulgen\u021be\u201d, poetul \u0219i publicistul Ion Muresan vorbe\u0219te&#8230;<\/p>","protected":false},"author":8,"featured_media":14544,"comment_status":"closed","ping_status":"closed","sticky":false,"template":"","format":"standard","meta":{"_exactmetrics_skip_tracking":false,"_exactmetrics_sitenote_active":false,"_exactmetrics_sitenote_note":"","_exactmetrics_sitenote_category":0,"footnotes":""},"categories":[9,52],"tags":[],"class_list":["post-14640","post","type-post","status-publish","format-standard","has-post-thumbnail","hentry","category-evenimente","category-evenimente-on-line"],"_links":{"self":[{"href":"https:\/\/mnlr.ro\/en\/wp-json\/wp\/v2\/posts\/14640","targetHints":{"allow":["GET"]}}],"collection":[{"href":"https:\/\/mnlr.ro\/en\/wp-json\/wp\/v2\/posts"}],"about":[{"href":"https:\/\/mnlr.ro\/en\/wp-json\/wp\/v2\/types\/post"}],"author":[{"embeddable":true,"href":"https:\/\/mnlr.ro\/en\/wp-json\/wp\/v2\/users\/8"}],"replies":[{"embeddable":true,"href":"https:\/\/mnlr.ro\/en\/wp-json\/wp\/v2\/comments?post=14640"}],"version-history":[{"count":1,"href":"https:\/\/mnlr.ro\/en\/wp-json\/wp\/v2\/posts\/14640\/revisions"}],"predecessor-version":[{"id":14641,"href":"https:\/\/mnlr.ro\/en\/wp-json\/wp\/v2\/posts\/14640\/revisions\/14641"}],"wp:featuredmedia":[{"embeddable":true,"href":"https:\/\/mnlr.ro\/en\/wp-json\/wp\/v2\/media\/14544"}],"wp:attachment":[{"href":"https:\/\/mnlr.ro\/en\/wp-json\/wp\/v2\/media?parent=14640"}],"wp:term":[{"taxonomy":"category","embeddable":true,"href":"https:\/\/mnlr.ro\/en\/wp-json\/wp\/v2\/categories?post=14640"},{"taxonomy":"post_tag","embeddable":true,"href":"https:\/\/mnlr.ro\/en\/wp-json\/wp\/v2\/tags?post=14640"}],"curies":[{"name":"wp","href":"https:\/\/api.w.org\/{rel}","templated":true}]}}