{"id":14769,"date":"2020-10-11T12:26:45","date_gmt":"2020-10-11T09:26:45","guid":{"rendered":"https:\/\/mnlr.ro\/?p=14769"},"modified":"2020-10-11T12:26:45","modified_gmt":"2020-10-11T09:26:45","slug":"poezie-si-creatie-zoltan-butuc-si-loreta-popa","status":"publish","type":"post","link":"https:\/\/mnlr.ro\/en\/poezie-si-creatie-zoltan-butuc-si-loreta-popa\/","title":{"rendered":"Poezie \u0219i crea\u021bie | Zoltan Butuc \u0219i Loreta Popa"},"content":{"rendered":"<p>Invitatul rubricii \u201ePoezie \u0219i crea\u021bie\u201d, realizat\u0103 de Loreta Popa, este Zoltan Butuc. N\u0103scut \u00een 1969, la Bra\u015fov, a terminat \u00een 1995 Institutul de Art\u0103 Teatral\u0103 \u015fi Cinematografic\u0103 din Bucure\u015fti. \u00cen 1993 i s-a decernat Premiul UNITER pentru debut, pentru rolul din spectacolul \u201eOra lynxului\u201d de Per Olov Enquist, la Teatrul Odeon. A jucat pe scena Teatrului Bulandra, Teatrului de Comedie, Teatrului Odeon, dar \u0219i la Theatrum Mundi, Teatrul Act, Maria Filotti \u2013 Br\u0103ila. Pe marele ecran, a debutat \u00een pelicula \u201ePrea t\u00e2rziu\u201d (1996), regizat\u0103 de Lucian Pintilie, \u015fi a avut roluri \u00een alte peste 30 de filme de lung metraj. A fost nominalizat la \u201eOn Air Music Awards\u201d 2015, la sec\u0163iunea \u201eCel mai bun folk al anului\u201d. Recitalul s\u0103u, \u201ePentru cei care iubesc limba poezeasc\u0103\u201d a fost preluat de TVR, \u00een cadrul stagiunii \u201eTeatru \u00een TVR\u201d 2016, iar de c\u00e2\u021biva ani este invitatul MNLR \u00een cadrul mai multor evenimente dedicate POEZIEI. Discul \u201eFrunz\u0103 verde de albastru\u201d este o \u00eent\u00e2lnire la un altfel de nivel cu chitara \u0219i poezia lui Nichita St\u0103nescu, ale c\u0103rui cuvinte perfect \u00eembinate au parc\u0103 haruri duhovnice\u0219ti, ascult\u0103, cur\u0103\u021b\u0103 \u0219i vindec\u0103. \u201ePoezia poate fi\u201d, spune Zoltan Butuc, \u201eforma maximal\u0103 a limbii \u00eentr-un moment al sensibilit\u0103\u021bii clipei. Poezia, ca stare, exist\u0103 \u00een fiecare dintre noi \u0219i foarte rar poate fi explicat\u0103. C\u00e2ntecul de leag\u0103n este un \u00eenceput de poezie. Pentru mine, poezia nu sunt cuvintele, nici rimele \u00eemperecheate, acelea sunt uneltele poeziei. Poezia este o stare. Acolo, \u00een c\u00e2ntecul de leag\u0103n &#8211; \u00abNani, nani, puiul mamei\u00bb &#8211; este o stare mai sf\u00e2nt\u0103 ca niciodat\u0103\u201d. O discu\u021bie despre prima poezie, primul c\u00e2ntec, prima chitar\u0103, prima iubire, primul profesor, momentul admiterii, un \u00eenceput de ucenicie acolo, despre actori mari care nu aveau niciun apetit de a spune poezie, despre limba rom\u00e2n\u0103, care \u201eea \u00eens\u0103\u0219i c\u00e2nt\u0103\u201d, despre \u201ec\u00e2te cuvinte te pot opri\u201d, despre Grigore Vieru, Ciprian Chirvasiu, Nichita St\u0103nescu, Adrian P\u0103unescu, Emil G\u00e2rleanu, Mihai Eminescu, pe care o pute\u021bi urm\u0103ri acces\u00e2nd link-ul:<br \/>\n<iframe loading=\"lazy\" title=\"Poezie \u0219i crea\u021bie - Zoltan Butuc\" width=\"500\" height=\"281\" src=\"https:\/\/www.youtube.com\/embed\/1qRT-b_2unQ?feature=oembed\" frameborder=\"0\" allow=\"accelerometer; autoplay; clipboard-write; encrypted-media; gyroscope; picture-in-picture; web-share\" referrerpolicy=\"strict-origin-when-cross-origin\" allowfullscreen><\/iframe><\/p>","protected":false},"excerpt":{"rendered":"<p>Invitatul rubricii \u201ePoezie \u0219i crea\u021bie\u201d, realizat\u0103 de Loreta Popa, este Zoltan Butuc. N\u0103scut \u00een 1969, la Bra\u015fov, a terminat \u00een&#8230;<\/p>","protected":false},"author":8,"featured_media":14770,"comment_status":"closed","ping_status":"closed","sticky":false,"template":"","format":"standard","meta":{"_exactmetrics_skip_tracking":false,"_exactmetrics_sitenote_active":false,"_exactmetrics_sitenote_note":"","_exactmetrics_sitenote_category":0,"footnotes":""},"categories":[9,52,8],"tags":[],"class_list":["post-14769","post","type-post","status-publish","format-standard","has-post-thumbnail","hentry","category-evenimente","category-evenimente-on-line","category-recomandari"],"_links":{"self":[{"href":"https:\/\/mnlr.ro\/en\/wp-json\/wp\/v2\/posts\/14769","targetHints":{"allow":["GET"]}}],"collection":[{"href":"https:\/\/mnlr.ro\/en\/wp-json\/wp\/v2\/posts"}],"about":[{"href":"https:\/\/mnlr.ro\/en\/wp-json\/wp\/v2\/types\/post"}],"author":[{"embeddable":true,"href":"https:\/\/mnlr.ro\/en\/wp-json\/wp\/v2\/users\/8"}],"replies":[{"embeddable":true,"href":"https:\/\/mnlr.ro\/en\/wp-json\/wp\/v2\/comments?post=14769"}],"version-history":[{"count":1,"href":"https:\/\/mnlr.ro\/en\/wp-json\/wp\/v2\/posts\/14769\/revisions"}],"predecessor-version":[{"id":14771,"href":"https:\/\/mnlr.ro\/en\/wp-json\/wp\/v2\/posts\/14769\/revisions\/14771"}],"wp:featuredmedia":[{"embeddable":true,"href":"https:\/\/mnlr.ro\/en\/wp-json\/wp\/v2\/media\/14770"}],"wp:attachment":[{"href":"https:\/\/mnlr.ro\/en\/wp-json\/wp\/v2\/media?parent=14769"}],"wp:term":[{"taxonomy":"category","embeddable":true,"href":"https:\/\/mnlr.ro\/en\/wp-json\/wp\/v2\/categories?post=14769"},{"taxonomy":"post_tag","embeddable":true,"href":"https:\/\/mnlr.ro\/en\/wp-json\/wp\/v2\/tags?post=14769"}],"curies":[{"name":"wp","href":"https:\/\/api.w.org\/{rel}","templated":true}]}}