{"id":14833,"date":"2020-10-15T19:02:33","date_gmt":"2020-10-15T16:02:33","guid":{"rendered":"https:\/\/mnlr.ro\/?p=14833"},"modified":"2020-10-15T18:48:38","modified_gmt":"2020-10-15T15:48:38","slug":"scurt-pe-2-stefan-manasia-si-alina-purcaru","status":"publish","type":"post","link":"https:\/\/mnlr.ro\/en\/scurt-pe-2-stefan-manasia-si-alina-purcaru\/","title":{"rendered":"Scurt pe 2 | \u0218tefan Manasia \u0219i Alina Purcaru"},"content":{"rendered":"<p data-originalfontsize=\"12pt\" data-originalcomputedfontsize=\"16\">Ast\u0103zi, la \u201eScurt pe 2\u201d, v\u0103 propunem o \u00eent\u00e2lnire cu \u0218tefan Manasia, unul dintre poe\u021bii importan\u021bi ai contemporaneit\u0103\u021bii. Av\u00e2nd deja la activ editarea a \u0219ase volume de poezie, \u0218tefan Manasia preg\u0103te\u0219te apari\u021bia primului s\u0103u roman. V\u0103 invit\u0103m s\u0103 \u00eel urm\u0103ri\u021bi povestind despre propria crea\u021bie pe care o analizeaz\u0103, o explic\u0103, o pune sub lup\u0103, ax\u00e2ndu-se cu o mai mare aplica\u021bie asupra volumului \u201eAmazon \u0219i alte poeme\u201d, ap\u0103rut \u00een anul 2003, care a ajuns la a treia edi\u021bie. \u201eDe nici unul dintre cele \u0219ase volume nu am fost mul\u021bumit p\u00e2n\u0103 la cap\u0103t atunci c\u00e2nd a ap\u0103rut\u201d \u2013 m\u0103rturise\u0219te \u0218tefan Manasia subliniind: \u201e\u00centotdeauna sim\u021beam c\u0103 au r\u0103mas ni\u0219te zone insuficient exploatate, insuficient limpezite. Fiecare carte e \u00een sine un capitol al unui fel de psihobiografie, un fel de jurnal anarhist.\u201d<\/p>\n<p><span data-removefontsize=\"true\" data-originalcomputedfontsize=\"14.666666984558105\">V\u0103 invit\u0103m s\u0103 \u00eel (re)descoperi\u021bi pe \u0218tefan Manasia \u0219i o parte din universul poeziei sale, din materialul realizat de Alina Purcaru:<\/span><\/p>\n<p><iframe loading=\"lazy\" title=\"Scurt pe 2 | \u0218tefan Manasia \u0219i Alina Purcaru\" src=\"https:\/\/player.vimeo.com\/video\/467771566?dnt=1&amp;app_id=122963\" width=\"500\" height=\"281\" frameborder=\"0\" allow=\"autoplay; fullscreen; picture-in-picture; clipboard-write\"><\/iframe><\/p>","protected":false},"excerpt":{"rendered":"<p>Ast\u0103zi, la \u201eScurt pe 2\u201d, v\u0103 propunem o \u00eent\u00e2lnire cu \u0218tefan Manasia, unul dintre poe\u021bii importan\u021bi ai contemporaneit\u0103\u021bii. Av\u00e2nd deja&#8230;<\/p>","protected":false},"author":8,"featured_media":14739,"comment_status":"closed","ping_status":"closed","sticky":false,"template":"","format":"standard","meta":{"_exactmetrics_skip_tracking":false,"_exactmetrics_sitenote_active":false,"_exactmetrics_sitenote_note":"","_exactmetrics_sitenote_category":0,"footnotes":""},"categories":[9,52],"tags":[],"class_list":["post-14833","post","type-post","status-publish","format-standard","has-post-thumbnail","hentry","category-evenimente","category-evenimente-on-line"],"_links":{"self":[{"href":"https:\/\/mnlr.ro\/en\/wp-json\/wp\/v2\/posts\/14833","targetHints":{"allow":["GET"]}}],"collection":[{"href":"https:\/\/mnlr.ro\/en\/wp-json\/wp\/v2\/posts"}],"about":[{"href":"https:\/\/mnlr.ro\/en\/wp-json\/wp\/v2\/types\/post"}],"author":[{"embeddable":true,"href":"https:\/\/mnlr.ro\/en\/wp-json\/wp\/v2\/users\/8"}],"replies":[{"embeddable":true,"href":"https:\/\/mnlr.ro\/en\/wp-json\/wp\/v2\/comments?post=14833"}],"version-history":[{"count":3,"href":"https:\/\/mnlr.ro\/en\/wp-json\/wp\/v2\/posts\/14833\/revisions"}],"predecessor-version":[{"id":14836,"href":"https:\/\/mnlr.ro\/en\/wp-json\/wp\/v2\/posts\/14833\/revisions\/14836"}],"wp:featuredmedia":[{"embeddable":true,"href":"https:\/\/mnlr.ro\/en\/wp-json\/wp\/v2\/media\/14739"}],"wp:attachment":[{"href":"https:\/\/mnlr.ro\/en\/wp-json\/wp\/v2\/media?parent=14833"}],"wp:term":[{"taxonomy":"category","embeddable":true,"href":"https:\/\/mnlr.ro\/en\/wp-json\/wp\/v2\/categories?post=14833"},{"taxonomy":"post_tag","embeddable":true,"href":"https:\/\/mnlr.ro\/en\/wp-json\/wp\/v2\/tags?post=14833"}],"curies":[{"name":"wp","href":"https:\/\/api.w.org\/{rel}","templated":true}]}}