{"id":14851,"date":"2020-10-18T10:15:09","date_gmt":"2020-10-18T07:15:09","guid":{"rendered":"https:\/\/mnlr.ro\/?p=14851"},"modified":"2020-10-19T13:34:42","modified_gmt":"2020-10-19T10:34:42","slug":"scriitorul-radu-calin-cristea-a-incetat-din-viata","status":"publish","type":"post","link":"https:\/\/mnlr.ro\/en\/scriitorul-radu-calin-cristea-a-incetat-din-viata\/","title":{"rendered":"Scriitorul Radu C\u0103lin Cristea a \u00eencetat din via\u021b\u0103"},"content":{"rendered":"<div dir=\"auto\">\n<p>Anun\u021b\u0103m cu regret dispari\u021bia, la doar 65 de ani, a lui Radu C\u0103lin Cristea, personalitate important\u0103 a vie\u021bii culturale rom\u00e2ne\u0219ti.<\/p>\n<p>Radu C\u0103lin Cristea s-a n\u0103scut \u00een anul 1955, comuna Ineu, regiunea Arad. A urmat cursurile liceului din Chi\u0219ineu-Cri\u0219, \u00een jude\u021bul Arad. \u00cen 1978 a absolvit Facultatea de Limba \u0219i Literatura Rom\u00e2n\u0103 a Universit\u0103\u021bii din Bucure\u0219ti.<\/p>\n<p>Debuteaz\u0103 publicistic \u00een 1973 \u00een revista \u201eOrizont\u201d din Timi\u0219oara, iar editorial cu volumul de eseuri Emil Botta-despre frontierele inocen\u021bei, la Editura Albatros, \u00een 1984.<\/p>\n<p>A fost colaborator si redactor la programul \u201eActualitatea Rom\u00e2neasc\u0103\u201d la Radio Europa Liber\u0103 (1990 \u2013 2002), director al Muzeului Literaturii Rom\u00e2ne din Bucure\u0219ti, \u00een perioada februarie 2008 &#8211; iunie 2009, iar \u00een vara anului 2012 a fost director general (interimar) al TVR. Apoi a r\u0103mas \u00een TVR, ca \u0219ef al Departa\u00admentului \u201eLiteratur\u0103. Arte\u201d.<\/p>\n<p>Condolean\u021be familiei, Dumnezeu s\u0103 \u00eel odihneasc\u0103!<\/p>\n<p>Credite foto: Dan Vatamaniuc<\/p>\n<\/div>","protected":false},"excerpt":{"rendered":"<p>Anun\u021b\u0103m cu regret dispari\u021bia, la doar 65 de ani, a lui Radu C\u0103lin Cristea, personalitate important\u0103 a vie\u021bii culturale rom\u00e2ne\u0219ti&#8230;.<\/p>","protected":false},"author":8,"featured_media":14866,"comment_status":"closed","ping_status":"closed","sticky":false,"template":"","format":"standard","meta":{"_exactmetrics_skip_tracking":false,"_exactmetrics_sitenote_active":false,"_exactmetrics_sitenote_note":"","_exactmetrics_sitenote_category":0,"footnotes":""},"categories":[9],"tags":[],"class_list":["post-14851","post","type-post","status-publish","format-standard","has-post-thumbnail","hentry","category-evenimente"],"_links":{"self":[{"href":"https:\/\/mnlr.ro\/en\/wp-json\/wp\/v2\/posts\/14851","targetHints":{"allow":["GET"]}}],"collection":[{"href":"https:\/\/mnlr.ro\/en\/wp-json\/wp\/v2\/posts"}],"about":[{"href":"https:\/\/mnlr.ro\/en\/wp-json\/wp\/v2\/types\/post"}],"author":[{"embeddable":true,"href":"https:\/\/mnlr.ro\/en\/wp-json\/wp\/v2\/users\/8"}],"replies":[{"embeddable":true,"href":"https:\/\/mnlr.ro\/en\/wp-json\/wp\/v2\/comments?post=14851"}],"version-history":[{"count":5,"href":"https:\/\/mnlr.ro\/en\/wp-json\/wp\/v2\/posts\/14851\/revisions"}],"predecessor-version":[{"id":14867,"href":"https:\/\/mnlr.ro\/en\/wp-json\/wp\/v2\/posts\/14851\/revisions\/14867"}],"wp:featuredmedia":[{"embeddable":true,"href":"https:\/\/mnlr.ro\/en\/wp-json\/wp\/v2\/media\/14866"}],"wp:attachment":[{"href":"https:\/\/mnlr.ro\/en\/wp-json\/wp\/v2\/media?parent=14851"}],"wp:term":[{"taxonomy":"category","embeddable":true,"href":"https:\/\/mnlr.ro\/en\/wp-json\/wp\/v2\/categories?post=14851"},{"taxonomy":"post_tag","embeddable":true,"href":"https:\/\/mnlr.ro\/en\/wp-json\/wp\/v2\/tags?post=14851"}],"curies":[{"name":"wp","href":"https:\/\/api.w.org\/{rel}","templated":true}]}}