{"id":15081,"date":"2020-11-13T11:17:25","date_gmt":"2020-11-13T09:17:25","guid":{"rendered":"https:\/\/mnlr.ro\/?p=15081"},"modified":"2020-12-17T15:40:05","modified_gmt":"2020-12-17T13:40:05","slug":"expozitia-ganduri-din-cana-de-ceai-maria-mateescu","status":"publish","type":"post","link":"https:\/\/mnlr.ro\/en\/expozitia-ganduri-din-cana-de-ceai-maria-mateescu\/","title":{"rendered":"Expozi\u021bia | G\u00e2nduri din cana de ceai \u2013 Maria Mateescu"},"content":{"rendered":"<p><strong>\u00cen perioada 17 noiembrie \u2013 10 decembrie 2020, Muzeul Na\u021bional al Literaturii <\/strong><strong>Rom\u00e2ne din Bucure\u0219ti g\u0103zduie\u0219te, \u00een Sala \u201eAlexandru Oprea\u201d, expozi\u021bia <em>G\u00e2nduri din cana de ceai<\/em>, semnat\u0103 de Maria Mateescu.<\/strong><\/p>\n<p>Expozi\u021bia, alc\u0103tuit\u0103 \u00een special din ilustra\u021bii \u00een acuarel\u0103, \u201epoveste\u0219te\u201d \u00eentr-un discurs vizual despre o \u00eent\u00e2lnire cu sine la o can\u0103 de ceai. B\u0103utul ceaiului \u0219i cana de ceai care se afl\u0103 \u00een fa\u021b\u0103 sunt doar un pretext pentru a observa reac\u021biile \u0219i puterea propriei min\u021bi, de a intra \u00een lumea nev\u0103zut\u0103 a g\u00e2ndurilor.<\/p>\n<p>Ilustra\u021biile care vor fi expuse \u00een cadrul Muzeului Na\u021bional al Literaturii Rom\u00e2ne fac obiectul unei c\u0103r\u021bi ilustrate, scris\u0103 \u0219i conceput\u0103 integral de <strong>Maria Mateescu.<\/strong><\/p>\n<p>Observarea face din gestul banal al savur\u0103rii unei c\u0103ni de ceai un ritual \u0219i un joc deopotriv\u0103. Volumul este structurat pe o experien\u021b\u0103 personal\u0103 \u0219i este prezentat\u0103 ca un posibil jurnal vizual, \u00eens\u0103 este, \u00een acela\u0219i timp, \u0219i o provocare pentru privitor de a se reg\u0103si \u0219i a se oglindi \u00een cele mai banale situa\u021bii sau confrunt\u0103ri cu sinele. Al\u0103turi de imagini, textul scris integrat ilustra\u021biilor apare at\u00e2t ca o amprent\u0103 personal\u0103, c\u00e2t \u0219i ca o pledoarie pentru practicarea scrisului de m\u00e2n\u0103, ca terapie \u00eentr-o er\u0103 aproape total computerizat\u0103.<\/p>\n<p>Explor\u00e2nd cartea <em>G\u00e2nduri din cana de ceai<\/em>, se poate observa un parcurs prin mai multe st\u0103ri interioare generate de g\u00e2nduri: de la deta\u0219area fa\u021b\u0103 de idei, p\u00e2n\u0103 la implicarea tensionat\u0103, furioas\u0103 a furtunii din cana de ceai, care presupune retragere \u00een sine, r\u0103bdare \u0219i control; de la interac\u021biunea cu lumea exterioar\u0103 \u0219i nevoia interioar\u0103 a unui restart, p\u00e2n\u0103 la st\u0103ri de contemplare, visare \u0219i evadare din ceea ce este toxic \u00een realitate.<\/p>\n<p>&nbsp;<\/p>\n<p><strong>Expozi\u0163ia va fi deschis\u0103 pentru vizitare \u00een perioada\u00a017 noiembrie \u2013 10 decembrie 2020, de luni p\u00e2n\u0103 vineri, \u00een intervalul orar 10:00 \u2013 18:00.\u00a0Intrarea este liber\u0103 \u0219i se face \u00een baza unei program\u0103ri la num\u0103rul de telefon 0762 671 698.<\/strong><\/p>","protected":false},"excerpt":{"rendered":"<p>\u00cen perioada 17 noiembrie \u2013 10 decembrie 2020, Muzeul Na\u021bional al Literaturii Rom\u00e2ne din Bucure\u0219ti g\u0103zduie\u0219te, \u00een Sala \u201eAlexandru Oprea\u201d,&#8230;<\/p>","protected":false},"author":8,"featured_media":15082,"comment_status":"closed","ping_status":"closed","sticky":false,"template":"","format":"standard","meta":{"_exactmetrics_skip_tracking":false,"_exactmetrics_sitenote_active":false,"_exactmetrics_sitenote_note":"","_exactmetrics_sitenote_category":0,"footnotes":""},"categories":[9,8],"tags":[],"class_list":["post-15081","post","type-post","status-publish","format-standard","has-post-thumbnail","hentry","category-evenimente","category-recomandari"],"_links":{"self":[{"href":"https:\/\/mnlr.ro\/en\/wp-json\/wp\/v2\/posts\/15081","targetHints":{"allow":["GET"]}}],"collection":[{"href":"https:\/\/mnlr.ro\/en\/wp-json\/wp\/v2\/posts"}],"about":[{"href":"https:\/\/mnlr.ro\/en\/wp-json\/wp\/v2\/types\/post"}],"author":[{"embeddable":true,"href":"https:\/\/mnlr.ro\/en\/wp-json\/wp\/v2\/users\/8"}],"replies":[{"embeddable":true,"href":"https:\/\/mnlr.ro\/en\/wp-json\/wp\/v2\/comments?post=15081"}],"version-history":[{"count":1,"href":"https:\/\/mnlr.ro\/en\/wp-json\/wp\/v2\/posts\/15081\/revisions"}],"predecessor-version":[{"id":15084,"href":"https:\/\/mnlr.ro\/en\/wp-json\/wp\/v2\/posts\/15081\/revisions\/15084"}],"wp:featuredmedia":[{"embeddable":true,"href":"https:\/\/mnlr.ro\/en\/wp-json\/wp\/v2\/media\/15082"}],"wp:attachment":[{"href":"https:\/\/mnlr.ro\/en\/wp-json\/wp\/v2\/media?parent=15081"}],"wp:term":[{"taxonomy":"category","embeddable":true,"href":"https:\/\/mnlr.ro\/en\/wp-json\/wp\/v2\/categories?post=15081"},{"taxonomy":"post_tag","embeddable":true,"href":"https:\/\/mnlr.ro\/en\/wp-json\/wp\/v2\/tags?post=15081"}],"curies":[{"name":"wp","href":"https:\/\/api.w.org\/{rel}","templated":true}]}}